{"id":52300,"date":"2018-12-19T09:46:04","date_gmt":"2018-12-19T11:46:04","guid":{"rendered":"https:\/\/litci.org\/es\/?p=52300"},"modified":"2018-12-19T09:46:04","modified_gmt":"2018-12-19T11:46:04","slug":"cristina-impulso-boicot-la-lucha-g20","status":"publish","type":"post","link":"https:\/\/litci.org\/es\/cristina-impulso-boicot-la-lucha-g20\/","title":{"rendered":"Cristina impuls\u00f3 el boicot a la lucha contra el G20"},"content":{"rendered":"<p><em>Cristina Kirchner y los principales dirigentes kirchneristas llamaron a no movilizarse, el 30, garantizando tranquilidad al gobierno y pensando en el 2019.<\/em><\/p>\n<p><!--more--><\/p>\n<p>Por PSTU-Argentina<\/p>\n<p>Mientras Macri-Bullrich hac\u00edan su campa\u00f1a de amedrentamiento y persecuci\u00f3n, el kirchnerismo de la mano de Cristina llamaba al \u201cdebate de ideas\u201d.En el Estadio de Ferro,en el marco del foro convocado por CLACSO y ante miles de seguidores impidi\u00f3 el justo abucheo al gobiernode Macri y no solo \u201cdecret\u00f3 \u201cel fin de las derechas e izquierdas\u201d llam\u00f3 a los \u201cpa\u00f1uelos verdes y celestes a la unidad en un mismo espacio\u201d.<\/p>\n<p>Seg\u00fan el sitio\u00a0<em>\u201cLa pol\u00edtica online<\/em>\u201d \u201c<em>Cristina Kirchner se recluy\u00f3 en El Calafate y defini\u00f3 que sus militantes no se sumen a las marchas de protesta contra la cumbre del G20 que se realiza en Buenos Aires, en un nuevo gesto de moderaci\u00f3n de la ex Presidenta de cara al gobierno de Mauricio Macri\u201d.<\/em><\/p>\n<p>Unos d\u00edas antes Axel Kicilof hab\u00eda asegurado en una entrevista de\u00a0<strong><em>La Naci\u00f3n M\u00e1s<\/em><\/strong>\u00a0que\u00a0<em>\u201cel FMI no quiere el fracaso del pa\u00eds, nadie quiere destruir un pa\u00eds\u201d.\u201cLo que seguramente hay que hacer es renegocias con el Fondo. Yo no romper\u00eda el acuerdo con el FMI\u201d.\u00a0<\/em>Por eso se viene reuniendo con \u201cinversores de Wall Street\u201d, haciendo buena letra.<\/p>\n<p>Bastante claro. No enfrentar el ajuste ni al FMI, aunque este lleve a la miseria a millones de trabajadores. Construir el frente \u201cAnti Macri\u201d con los mismos que le vienen votando leyes y mantienen este \u201cpacto para la gobernabilidad\u201d para llegar a las elecciones.<\/p>\n<p>Los trabajadores nada podemos esperar de estos acuerdos. Los honestos luchadores kirchneristas deber\u00edan exigirles a sus dirigentes que rompan ese pacto de gobernabilidad. Y salgan a pelear contra el ajuste y el FMI, como los obreros franceses.<\/p>\n","protected":false},"excerpt":{"rendered":"<p>Cristina Kirchner y los principales dirigentes kirchneristas llamaron a no movilizarse, el 30, garantizando tranquilidad al gobierno y pensando en el 2019.<\/p>\n","protected":false},"author":5,"featured_media":49334,"menu_order":0,"comment_status":"closed","ping_status":"open","sticky":false,"template":"","format":"standard","meta":{"jetpack_post_was_ever_published":false,"_jetpack_newsletter_access":"","_jetpack_dont_email_post_to_subs":false,"_jetpack_newsletter_tier_id":0,"_jetpack_memberships_contains_paywalled_content":false,"litci_post_political_author":"","_jetpack_memberships_contains_paid_content":false,"footnotes":""},"categories":[13672,2652],"tags":[13703,13174],"class_list":["post-52300","post","type-post","status-publish","format-standard","has-post-thumbnail","hentry","category-cobertura-g20","category-argentina","tag-crisitina","tag-g20"],"jetpack_featured_media_url":"https:\/\/i0.wp.com\/litci.org\/es\/wp-content\/uploads\/2018\/05\/macri-cristina.jpg?fit=1140%2C640&ssl=1","fimg_url":"https:\/\/i0.wp.com\/litci.org\/es\/wp-content\/uploads\/2018\/05\/macri-cristina.jpg?fit=1140%2C640&ssl=1","categories_names":["Argentina","Cobertura G20"],"author_info":{"name":"Kely","pic":"https:\/\/secure.gravatar.com\/avatar\/19003bf6219614b90207b39bd4a2733ce9cf96693efdfd639b15a829beed53d1?s=96&d=mm&r=g"},"political_author":null,"tagline":"","jetpack_sharing_enabled":true,"_links":{"self":[{"href":"https:\/\/litci.org\/es\/wp-json\/wp\/v2\/posts\/52300","targetHints":{"allow":["GET"]}}],"collection":[{"href":"https:\/\/litci.org\/es\/wp-json\/wp\/v2\/posts"}],"about":[{"href":"https:\/\/litci.org\/es\/wp-json\/wp\/v2\/types\/post"}],"author":[{"embeddable":true,"href":"https:\/\/litci.org\/es\/wp-json\/wp\/v2\/users\/5"}],"replies":[{"embeddable":true,"href":"https:\/\/litci.org\/es\/wp-json\/wp\/v2\/comments?post=52300"}],"version-history":[{"count":1,"href":"https:\/\/litci.org\/es\/wp-json\/wp\/v2\/posts\/52300\/revisions"}],"predecessor-version":[{"id":52301,"href":"https:\/\/litci.org\/es\/wp-json\/wp\/v2\/posts\/52300\/revisions\/52301"}],"wp:featuredmedia":[{"embeddable":true,"href":"https:\/\/litci.org\/es\/wp-json\/wp\/v2\/media\/49334"}],"wp:attachment":[{"href":"https:\/\/litci.org\/es\/wp-json\/wp\/v2\/media?parent=52300"}],"wp:term":[{"taxonomy":"category","embeddable":true,"href":"https:\/\/litci.org\/es\/wp-json\/wp\/v2\/categories?post=52300"},{"taxonomy":"post_tag","embeddable":true,"href":"https:\/\/litci.org\/es\/wp-json\/wp\/v2\/tags?post=52300"}],"curies":[{"name":"wp","href":"https:\/\/api.w.org\/{rel}","templated":true}]}}