{"id":52076,"date":"2018-12-01T12:40:16","date_gmt":"2018-12-01T14:40:16","guid":{"rendered":"https:\/\/litci.org\/es\/?p=52076"},"modified":"2018-12-01T14:09:16","modified_gmt":"2018-12-01T16:09:16","slug":"argentina-una-gran-marcha-una-columna-internacionalista-g20","status":"publish","type":"post","link":"https:\/\/litci.org\/es\/argentina-una-gran-marcha-una-columna-internacionalista-g20\/","title":{"rendered":"Argentina: \u00abUna gran marcha y una columna internacionalista contra el G20\u00bb"},"content":{"rendered":"<p><em>Eduardo Almeida, de la direcci\u00f3n de la LIT-CI, saluda la gran manifestaci\u00f3n, con m\u00e1s de 20.000 activistas, contra la Cumbre del G20. Fue un acto antiimperialista y combativo, que encar\u00f3 un enorme operativo represivo. Almeida destac\u00f3 tambi\u00e9n la aguerrida participaci\u00f3n de la LIT-CI, con camaradas de Argentina, Brasil, Chile y Per\u00fa. Una columna internacionalista y socialista.\u00a0<\/em><\/p>\n<p><div class=\"fb-video\" data-allowfullscreen=\"true\" data-href=\"https:\/\/www.facebook.com\/litci.cuartainternacional\/videos\/261290961185038\/\" style=\"background-color: #fff; display: inline-block;\"><\/div>\n<\/p>\n<p>M\u00e1s im\u00e1genes de la columna:<\/p>\n<p><div class=\"fb-video\" data-allowfullscreen=\"true\" data-href=\"https:\/\/www.facebook.com\/CSPConlutas\/videos\/555948888163628\/\" style=\"background-color: #fff; display: inline-block;\"><\/div>\n<\/p>\n<p>&nbsp;<\/p>\n<p>Herbert Claros, de la CSP-Conlutas, tambi\u00e9n hizo un balance de la jornada de lucha:<\/p>\n<p><div class=\"fb-video\" data-allowfullscreen=\"true\" data-href=\"https:\/\/www.facebook.com\/CSPConlutas\/videos\/2173007699617438\/\" style=\"background-color: #fff; display: inline-block;\"><\/div><\/p>\n","protected":false},"excerpt":{"rendered":"<p>Eduardo Almeida, de la direcci\u00f3n de la LIT-CI, saluda la gran manifestaci\u00f3n, con m\u00e1s de 20.000 activistas, contra la Cumbre del G20. Fue un acto antiimperialista y combativo, que encar\u00f3 un enorme operativo represivo. Almeida destac\u00f3 tambi\u00e9n la aguerrida participaci\u00f3n de la LIT-CI, con camaradas de Argentina, Brasil, Chile y Per\u00fa. Una columna internacionalista y [&hellip;]<\/p>\n","protected":false},"author":5,"featured_media":52063,"menu_order":0,"comment_status":"closed","ping_status":"open","sticky":false,"template":"","format":"standard","meta":{"jetpack_post_was_ever_published":false,"_jetpack_newsletter_access":"","_jetpack_dont_email_post_to_subs":false,"_jetpack_newsletter_tier_id":0,"_jetpack_memberships_contains_paywalled_content":false,"litci_post_political_author":"","_jetpack_memberships_contains_paid_content":false,"footnotes":""},"categories":[13672],"tags":[2961,13174],"class_list":["post-52076","post","type-post","status-publish","format-standard","has-post-thumbnail","hentry","category-cobertura-g20","tag-eduardo-almeida","tag-g20"],"jetpack_featured_media_url":"https:\/\/i0.wp.com\/litci.org\/es\/wp-content\/uploads\/2018\/11\/WhatsApp-Image-2018-11-30-at-18.24.13-1.jpeg?fit=1280%2C720&ssl=1","fimg_url":"https:\/\/i0.wp.com\/litci.org\/es\/wp-content\/uploads\/2018\/11\/WhatsApp-Image-2018-11-30-at-18.24.13-1.jpeg?fit=1280%2C720&ssl=1","categories_names":["Cobertura G20"],"author_info":{"name":"Kely","pic":"https:\/\/secure.gravatar.com\/avatar\/19003bf6219614b90207b39bd4a2733ce9cf96693efdfd639b15a829beed53d1?s=96&d=mm&r=g"},"political_author":null,"tagline":"","jetpack_sharing_enabled":true,"_links":{"self":[{"href":"https:\/\/litci.org\/es\/wp-json\/wp\/v2\/posts\/52076","targetHints":{"allow":["GET"]}}],"collection":[{"href":"https:\/\/litci.org\/es\/wp-json\/wp\/v2\/posts"}],"about":[{"href":"https:\/\/litci.org\/es\/wp-json\/wp\/v2\/types\/post"}],"author":[{"embeddable":true,"href":"https:\/\/litci.org\/es\/wp-json\/wp\/v2\/users\/5"}],"replies":[{"embeddable":true,"href":"https:\/\/litci.org\/es\/wp-json\/wp\/v2\/comments?post=52076"}],"version-history":[{"count":8,"href":"https:\/\/litci.org\/es\/wp-json\/wp\/v2\/posts\/52076\/revisions"}],"predecessor-version":[{"id":52085,"href":"https:\/\/litci.org\/es\/wp-json\/wp\/v2\/posts\/52076\/revisions\/52085"}],"wp:featuredmedia":[{"embeddable":true,"href":"https:\/\/litci.org\/es\/wp-json\/wp\/v2\/media\/52063"}],"wp:attachment":[{"href":"https:\/\/litci.org\/es\/wp-json\/wp\/v2\/media?parent=52076"}],"wp:term":[{"taxonomy":"category","embeddable":true,"href":"https:\/\/litci.org\/es\/wp-json\/wp\/v2\/categories?post=52076"},{"taxonomy":"post_tag","embeddable":true,"href":"https:\/\/litci.org\/es\/wp-json\/wp\/v2\/tags?post=52076"}],"curies":[{"name":"wp","href":"https:\/\/api.w.org\/{rel}","templated":true}]}}