{"id":52038,"date":"2018-11-30T16:00:58","date_gmt":"2018-11-30T18:00:58","guid":{"rendered":"https:\/\/litci.org\/es\/?p=52038"},"modified":"2018-11-30T16:00:58","modified_gmt":"2018-11-30T18:00:58","slug":"exigimos-la-inmediata-libertad-guillo-pistonesi-del-pts","status":"publish","type":"post","link":"https:\/\/litci.org\/es\/exigimos-la-inmediata-libertad-guillo-pistonesi-del-pts\/","title":{"rendered":"\u00a1Exigimos la inmediata libertad de Guillo Pistonesi del PTS!"},"content":{"rendered":"<p><em>A horas de la movilizaci\u00f3n de repudio al G20, el Gobierno Nacional detuvo al dirigente del PTS, Guillo Pistonesi, demostrando que la represi\u00f3n est\u00e1 al servicio de la reuni\u00f3n de los buitres imperialistas.<\/em> <!--more--><\/p>\n<p>Por PSTU-Argentina<\/p>\n<p>La campa\u00f1a del miedo, junto a la militarizaci\u00f3n de la ciudad de Buenos Aires son las medidas que toma la ministra Bulrich para que no salgamos a movilizarnos. Esta arbitraria detenci\u00f3n no es m\u00e1s que una persecuci\u00f3n pol\u00edtica a todos los que salimos a las calles y que se suma a la prisi\u00f3n de Daniel Ruiz y de otros compa\u00f1eros y compa\u00f1eras luchadores.<\/p>\n<p>Desde el PSTU repudiamos esta detenci\u00f3n ilegal y esta tarde saldremos a las calles a decir \u00a1FUERA EL G20! \u00a1Libertad inmediata a Guillo Pistonesi, Daniel Ruiz y todos los presos y presas por luchar! \u00a1Basta de Criminalizar la protesta!<br \/>\nPSTU 30\/11\/18<\/p>\n","protected":false},"excerpt":{"rendered":"<p>A horas de la movilizaci\u00f3n de repudio al G20, el Gobierno Nacional detuvo al dirigente del PTS, Guillo Pistonesi, demostrando que la represi\u00f3n est\u00e1 al servicio de la reuni\u00f3n de los buitres imperialistas.<\/p>\n","protected":false},"author":5,"featured_media":52040,"menu_order":0,"comment_status":"closed","ping_status":"open","sticky":false,"template":"","format":"standard","meta":{"jetpack_post_was_ever_published":false,"_jetpack_newsletter_access":"","_jetpack_dont_email_post_to_subs":false,"_jetpack_newsletter_tier_id":0,"_jetpack_memberships_contains_paywalled_content":false,"litci_post_political_author":"","_jetpack_memberships_contains_paid_content":false,"footnotes":""},"categories":[13672],"tags":[13174,6081],"class_list":["post-52038","post","type-post","status-publish","format-standard","has-post-thumbnail","hentry","category-cobertura-g20","tag-g20","tag-pts"],"jetpack_featured_media_url":"https:\/\/i0.wp.com\/litci.org\/es\/wp-content\/uploads\/2018\/11\/1543580976-02d64842f8431daf8f99e0eaa50372a5_Large-1-1.jpg?fit=960%2C639&ssl=1","fimg_url":"https:\/\/i0.wp.com\/litci.org\/es\/wp-content\/uploads\/2018\/11\/1543580976-02d64842f8431daf8f99e0eaa50372a5_Large-1-1.jpg?fit=960%2C639&ssl=1","categories_names":["Cobertura G20"],"author_info":{"name":"Kely","pic":"https:\/\/secure.gravatar.com\/avatar\/19003bf6219614b90207b39bd4a2733ce9cf96693efdfd639b15a829beed53d1?s=96&d=mm&r=g"},"political_author":null,"tagline":"","jetpack_sharing_enabled":true,"_links":{"self":[{"href":"https:\/\/litci.org\/es\/wp-json\/wp\/v2\/posts\/52038","targetHints":{"allow":["GET"]}}],"collection":[{"href":"https:\/\/litci.org\/es\/wp-json\/wp\/v2\/posts"}],"about":[{"href":"https:\/\/litci.org\/es\/wp-json\/wp\/v2\/types\/post"}],"author":[{"embeddable":true,"href":"https:\/\/litci.org\/es\/wp-json\/wp\/v2\/users\/5"}],"replies":[{"embeddable":true,"href":"https:\/\/litci.org\/es\/wp-json\/wp\/v2\/comments?post=52038"}],"version-history":[{"count":1,"href":"https:\/\/litci.org\/es\/wp-json\/wp\/v2\/posts\/52038\/revisions"}],"predecessor-version":[{"id":52041,"href":"https:\/\/litci.org\/es\/wp-json\/wp\/v2\/posts\/52038\/revisions\/52041"}],"wp:featuredmedia":[{"embeddable":true,"href":"https:\/\/litci.org\/es\/wp-json\/wp\/v2\/media\/52040"}],"wp:attachment":[{"href":"https:\/\/litci.org\/es\/wp-json\/wp\/v2\/media?parent=52038"}],"wp:term":[{"taxonomy":"category","embeddable":true,"href":"https:\/\/litci.org\/es\/wp-json\/wp\/v2\/categories?post=52038"},{"taxonomy":"post_tag","embeddable":true,"href":"https:\/\/litci.org\/es\/wp-json\/wp\/v2\/tags?post=52038"}],"curies":[{"name":"wp","href":"https:\/\/api.w.org\/{rel}","templated":true}]}}