{"id":52021,"date":"2018-11-30T14:31:23","date_gmt":"2018-11-30T16:31:23","guid":{"rendered":"https:\/\/litci.org\/es\/?p=52021"},"modified":"2018-11-30T14:31:23","modified_gmt":"2018-11-30T16:31:23","slug":"daniel-ruiz-la-actividades-g20","status":"publish","type":"post","link":"https:\/\/litci.org\/es\/daniel-ruiz-la-actividades-g20\/","title":{"rendered":"Daniel Ruiz en la actividades contra el G20"},"content":{"rendered":"<div><em>El\u00a0 reclamo por la libertad de Daniel Ruiz se hizo sentir con fuerza en las actividades del enfrentamiento al G20, el 29 el noviembre en Buenos Aires.\u00a0<\/em><\/div>\n<p><!--more--><\/p>\n<div>Redacci\u00f3n<\/div>\n<div>\u00a0<\/div>\n<div>Es que\u00a0 Daniel no es solamente un preso del gobierno de Macri, sino tambi\u00e9n del G20. \u00c9l\u00a0 fue uno de los gestores de la campa\u00f1a internacional contra el G20 y fue apresado dos d\u00edas despu\u00e9s de que participara en el acto de lanzamiento de la campa\u00f1a.\u00a0<\/div>\n<div>\u00a0<\/div>\n<div>Por eso, no s\u00f3lo se realiz\u00f3 una mesa de debate sobre su\u00a0 libertad con la participaci\u00f3n de diferentes organismos de derechos humanos, sino que su\u00a0 retrato\u00a0 y la reivindicaci\u00f3n\u00a0 de su liberaci\u00f3n, estuvieron en el palco del acto central de la Confluencia contra el G20.<\/div>\n<div>\u00a0<\/div>\n<div>\u00a0<\/div>\n<div>Diana Kordon de LIBERPUEBLO y la abogada Mar\u00eda del Carmen Verd\u00fan de la CORREPI (Coordinadora Contra la Represi\u00f3n Policial e Institucional)\u00a0 e integrantes del Encuentro Memoria Verdad y Justicia, explican por qu\u00e9 Daniel Ruiz y tambi\u00e9n Sebasti\u00e1n Romero, se han convertido en s\u00edmbolos de la lucha contra la criminalizaci\u00f3n de las luchas sociales.<\/div>\n<div>\u00a0<\/div>\n<div>\n<p><div class=\"fb-video\" data-allowfullscreen=\"true\" data-href=\"https:\/\/www.facebook.com\/litci.cuartainternacional\/videos\/1848008185310653\/\" style=\"background-color: #fff; display: inline-block;\"><\/div>\n<\/p>\n<\/div>\n<div>\u00a0<\/div>\n<div>\u00a0<\/div>\n<div>Mart\u00edn Alderete,\u00a0 miembro de CADEP (Coordinadora Antirrepresiva por los Derechos del Pueblo), uno de los abogados defensores de Daniel Ruiz, nos habla de la falta de fundamentos de la acusaci\u00f3n, lo que hace que cada vez m\u00e1s crezca la campa\u00f1a por su libertad.<\/div>\n<div>\u00a0<\/div>\n<div>\n<p><div class=\"fb-video\" data-allowfullscreen=\"true\" data-href=\"https:\/\/www.facebook.com\/litci.cuartainternacional\/videos\/342967059865005\/\" style=\"background-color: #fff; display: inline-block;\"><\/div>\n<\/p>\n<\/div>\n<div>\u00a0<\/div>\n<div>\u00a0<\/div>\n<div>Luciana, dirigente del PSTU-A y Carolina, hermana de Daniel Ruiz, hablan sobre las actividades\u00a0 de la campa\u00f1a por su libertad a realizarse en estas jornadas de rechazo al G20<\/div>\n<div>\u00a0<\/div>\n<div>\n<p><div class=\"fb-video\" data-allowfullscreen=\"true\" data-href=\"https:\/\/www.facebook.com\/litci.cuartainternacional\/videos\/1121422481347040\/\" style=\"background-color: #fff; display: inline-block;\"><\/div>\n<\/p>\n<\/div>\n","protected":false},"excerpt":{"rendered":"<p>El\u00a0 reclamo por la libertad de Daniel Ruiz se hizo sentir con fuerza en las actividades del enfrentamiento al G20, el 29 el noviembre en Buenos Aires.\u00a0<\/p>\n","protected":false},"author":5,"featured_media":52022,"menu_order":0,"comment_status":"closed","ping_status":"open","sticky":false,"template":"","format":"standard","meta":{"jetpack_post_was_ever_published":false,"_jetpack_newsletter_access":"","_jetpack_dont_email_post_to_subs":false,"_jetpack_newsletter_tier_id":0,"_jetpack_memberships_contains_paywalled_content":false,"litci_post_political_author":"","_jetpack_memberships_contains_paid_content":false,"footnotes":""},"categories":[13672,13396],"tags":[6845,13174],"class_list":["post-52021","post","type-post","status-publish","format-standard","has-post-thumbnail","hentry","category-cobertura-g20","category-daniel-ruiz","tag-daniel-ruiz","tag-g20"],"jetpack_featured_media_url":"https:\/\/i0.wp.com\/litci.org\/es\/wp-content\/uploads\/2018\/11\/WhatsApp-Image-2018-11-29-at-19.56.15-1.jpeg?fit=1280%2C720&ssl=1","fimg_url":"https:\/\/i0.wp.com\/litci.org\/es\/wp-content\/uploads\/2018\/11\/WhatsApp-Image-2018-11-29-at-19.56.15-1.jpeg?fit=1280%2C720&ssl=1","categories_names":["Cobertura G20","Daniel Ruiz"],"author_info":{"name":"Kely","pic":"https:\/\/secure.gravatar.com\/avatar\/19003bf6219614b90207b39bd4a2733ce9cf96693efdfd639b15a829beed53d1?s=96&d=mm&r=g"},"political_author":null,"tagline":"","jetpack_sharing_enabled":true,"_links":{"self":[{"href":"https:\/\/litci.org\/es\/wp-json\/wp\/v2\/posts\/52021","targetHints":{"allow":["GET"]}}],"collection":[{"href":"https:\/\/litci.org\/es\/wp-json\/wp\/v2\/posts"}],"about":[{"href":"https:\/\/litci.org\/es\/wp-json\/wp\/v2\/types\/post"}],"author":[{"embeddable":true,"href":"https:\/\/litci.org\/es\/wp-json\/wp\/v2\/users\/5"}],"replies":[{"embeddable":true,"href":"https:\/\/litci.org\/es\/wp-json\/wp\/v2\/comments?post=52021"}],"version-history":[{"count":1,"href":"https:\/\/litci.org\/es\/wp-json\/wp\/v2\/posts\/52021\/revisions"}],"predecessor-version":[{"id":52023,"href":"https:\/\/litci.org\/es\/wp-json\/wp\/v2\/posts\/52021\/revisions\/52023"}],"wp:featuredmedia":[{"embeddable":true,"href":"https:\/\/litci.org\/es\/wp-json\/wp\/v2\/media\/52022"}],"wp:attachment":[{"href":"https:\/\/litci.org\/es\/wp-json\/wp\/v2\/media?parent=52021"}],"wp:term":[{"taxonomy":"category","embeddable":true,"href":"https:\/\/litci.org\/es\/wp-json\/wp\/v2\/categories?post=52021"},{"taxonomy":"post_tag","embeddable":true,"href":"https:\/\/litci.org\/es\/wp-json\/wp\/v2\/tags?post=52021"}],"curies":[{"name":"wp","href":"https:\/\/api.w.org\/{rel}","templated":true}]}}