{"id":52009,"date":"2018-11-30T12:48:39","date_gmt":"2018-11-30T14:48:39","guid":{"rendered":"https:\/\/litci.org\/es\/?p=52009"},"modified":"2018-11-30T14:05:43","modified_gmt":"2018-11-30T16:05:43","slug":"comienza-la-cumbre-del-g20-las-organizaciones-se-preparan-la-gran-marcha","status":"publish","type":"post","link":"https:\/\/litci.org\/es\/comienza-la-cumbre-del-g20-las-organizaciones-se-preparan-la-gran-marcha\/","title":{"rendered":"Comienza la Cumbre del G20 y las organizaciones se preparan para la gran marcha"},"content":{"rendered":"<p><em>Comienza hoy la cumbre anual del G20, la reuni\u00f3n de los principales l\u00edderes y bandidos imperialistas en nivel mundial. La ciudad de Buenos Aires est\u00e1 militarizada, con m\u00e1s de 30.000 efectivos de las fuerzas de represi\u00f3n desplegados para impedir las protestas.<\/em><!--more--><\/p>\n<p>Redacci\u00f3n<\/p>\n<p>El evento estar\u00e1 marcado por las discusiones alrededor de la \u201cguerra comercial\u201d entre EEUU y China, que tambi\u00e9n provocan malestar entre los mandatarios europeos. Se prev\u00e9, en ese sentido, una reuni\u00f3n entre Trump y el presidente chino, Xi Jinping.<\/p>\n<p>Por otra parte, los presidentes de M\u00e9xico, EEUU, y Canad\u00e1, firmaron un nuevo acuerdo de libre comercio entre los tres pa\u00edses.<\/p>\n<p>El presidente ruso, Vladimir Putin, arriba a Buenos Aires en medio de una nueva agresi\u00f3n b\u00e9lica de Rusia a Ucrania, luego del apresamiento de una flotilla militar ucraniana por parte de Mosc\u00fa en el mar de Azov, junto a la pen\u00ednsula de Crimea. Esto es otro motivo de tensi\u00f3n pol\u00edtica.<\/p>\n<p>Existen otras cuestiones, como el debate medioambiental, que causa rencillas entre Trump y Europa, principalmente con el presidente franc\u00e9s, Macron. Adem\u00e1s, sigue todo el esc\u00e1ndalo relacionado con el r\u00e9gimen asesino del pr\u00edncipe heredero saud\u00ed Mohamed bin Salm\u00e1n.<\/p>\n<p>La Cumbre se desarrollar\u00e1 en medio de una importante movilizaci\u00f3n, que abarca a decenas de organizaciones agrupadas en la llamada <em>Cumbre de los Pueblos<\/em>, entre las cuales se encuentran varias delegaciones internacionales. Una de ellas es la de la CSP-Conlutas de Brasil.<\/p>\n<p><div class=\"fb-video\" data-allowfullscreen=\"true\" data-href=\"https:\/\/www.facebook.com\/HerbertClaros\/videos\/1933677140034428\/\" style=\"background-color: #fff; display: inline-block;\"><\/div>\n<\/p>\n<p>La LIT-CI tambi\u00e9n participa a trav\u00e9s del PSTU argentino, el PSTU brasile\u00f1o, y el MIT de Chile. Ayer jueves, en las tiendas montadas en Plaza de Mayo, se realizaron varias actividades. Una de ellas, que abord\u00f3 la lucha en contra del avance de la derecha en Am\u00e9rica Latina, cont\u00f3 con la presencia de muchas organizaciones y, especialmente, con la del Premio Nobel de la Paz, Adolfo P\u00e9rez Esquivel.<\/p>\n<div style=\"width: 640px;\" class=\"wp-video\"><!--[if lt IE 9]><script>document.createElement('video');<\/script><![endif]-->\n<video class=\"wp-video-shortcode\" id=\"video-52009-1\" width=\"640\" height=\"352\" preload=\"metadata\" controls=\"controls\"><source type=\"video\/mp4\" src=\"https:\/\/litci.org\/es\/wp-content\/uploads\/2018\/11\/WhatsApp-Video-2018-11-29-at-12.50.35.mp4?_=1\" \/><a href=\"https:\/\/litci.org\/es\/wp-content\/uploads\/2018\/11\/WhatsApp-Video-2018-11-29-at-12.50.35.mp4\">https:\/\/litci.org\/es\/wp-content\/uploads\/2018\/11\/WhatsApp-Video-2018-11-29-at-12.50.35.mp4<\/a><\/video><\/div>\n<p>&nbsp;<\/p>\n<p><div class=\"fb-video\" data-allowfullscreen=\"true\" data-href=\"https:\/\/www.facebook.com\/litci.cuartainternacional\/videos\/2308016879422217\/\" style=\"background-color: #fff; display: inline-block;\"><\/div>\n<\/p>\n<p>Por la tarde, en la tienda de la CSP-Conlutas, se discuti\u00f3 sobre el futuro gobierno de Bolsonaro en Brasil y las perspectivas de la clase trabajadora, a partir de informes de dirigentes de la CSP-Conlutas.<\/p>\n<p><div class=\"fb-video\" data-allowfullscreen=\"true\" data-href=\"https:\/\/www.facebook.com\/litci.cuartainternacional\/videos\/270988453620653\/\" style=\"background-color: #fff; display: inline-block;\"><\/div>\n<\/p>\n<p>Al final de la tarde, hubo un acto exigiendo la libertad inmediata del compa\u00f1ero Daniel Ru\u00edz y de todos los presos pol\u00edticos del gobierno de Macri.<\/p>\n<p><div class=\"fb-video\" data-allowfullscreen=\"true\" data-href=\"https:\/\/www.facebook.com\/litci.cuartainternacional\/videos\/1121422481347040\/\" style=\"background-color: #fff; display: inline-block;\"><\/div>\n<\/p>\n<p><div id=\"attachment_52010\" style=\"width: 1290px\" class=\"wp-caption aligncenter\"><a href=\"https:\/\/i0.wp.com\/litci.org\/es\/wp-content\/uploads\/2018\/11\/WhatsApp-Image-2018-11-29-at-20.39.31.jpeg?ssl=1\"><img data-recalc-dims=\"1\" loading=\"lazy\" decoding=\"async\" aria-describedby=\"caption-attachment-52010\" class=\"wp-image-52010 size-full\" src=\"https:\/\/i0.wp.com\/litci.org\/es\/wp-content\/uploads\/2018\/11\/WhatsApp-Image-2018-11-29-at-20.39.31.jpeg?resize=1280%2C960&#038;ssl=1\" alt=\"\" width=\"1280\" height=\"960\" srcset=\"https:\/\/i0.wp.com\/litci.org\/es\/wp-content\/uploads\/2018\/11\/WhatsApp-Image-2018-11-29-at-20.39.31.jpeg?w=1280&amp;ssl=1 1280w, https:\/\/i0.wp.com\/litci.org\/es\/wp-content\/uploads\/2018\/11\/WhatsApp-Image-2018-11-29-at-20.39.31.jpeg?resize=300%2C225&amp;ssl=1 300w, https:\/\/i0.wp.com\/litci.org\/es\/wp-content\/uploads\/2018\/11\/WhatsApp-Image-2018-11-29-at-20.39.31.jpeg?resize=768%2C576&amp;ssl=1 768w, https:\/\/i0.wp.com\/litci.org\/es\/wp-content\/uploads\/2018\/11\/WhatsApp-Image-2018-11-29-at-20.39.31.jpeg?resize=1024%2C768&amp;ssl=1 1024w, https:\/\/i0.wp.com\/litci.org\/es\/wp-content\/uploads\/2018\/11\/WhatsApp-Image-2018-11-29-at-20.39.31.jpeg?resize=560%2C420&amp;ssl=1 560w, https:\/\/i0.wp.com\/litci.org\/es\/wp-content\/uploads\/2018\/11\/WhatsApp-Image-2018-11-29-at-20.39.31.jpeg?resize=80%2C60&amp;ssl=1 80w, https:\/\/i0.wp.com\/litci.org\/es\/wp-content\/uploads\/2018\/11\/WhatsApp-Image-2018-11-29-at-20.39.31.jpeg?resize=100%2C75&amp;ssl=1 100w, https:\/\/i0.wp.com\/litci.org\/es\/wp-content\/uploads\/2018\/11\/WhatsApp-Image-2018-11-29-at-20.39.31.jpeg?resize=180%2C135&amp;ssl=1 180w, https:\/\/i0.wp.com\/litci.org\/es\/wp-content\/uploads\/2018\/11\/WhatsApp-Image-2018-11-29-at-20.39.31.jpeg?resize=238%2C178&amp;ssl=1 238w, https:\/\/i0.wp.com\/litci.org\/es\/wp-content\/uploads\/2018\/11\/WhatsApp-Image-2018-11-29-at-20.39.31.jpeg?resize=640%2C480&amp;ssl=1 640w, https:\/\/i0.wp.com\/litci.org\/es\/wp-content\/uploads\/2018\/11\/WhatsApp-Image-2018-11-29-at-20.39.31.jpeg?resize=681%2C511&amp;ssl=1 681w\" sizes=\"auto, (max-width: 1000px) 100vw, 1000px\" \/><\/a><p id=\"caption-attachment-52010\" class=\"wp-caption-text\">Acto de la Cumbre de los Pueblos<\/p><\/div> <div id=\"attachment_52011\" style=\"width: 1290px\" class=\"wp-caption aligncenter\"><a href=\"https:\/\/i0.wp.com\/litci.org\/es\/wp-content\/uploads\/2018\/11\/WhatsApp-Image-2018-11-29-at-19.56.15.jpeg?ssl=1\"><img data-recalc-dims=\"1\" loading=\"lazy\" decoding=\"async\" aria-describedby=\"caption-attachment-52011\" class=\"wp-image-52011 size-full\" src=\"https:\/\/i0.wp.com\/litci.org\/es\/wp-content\/uploads\/2018\/11\/WhatsApp-Image-2018-11-29-at-19.56.15.jpeg?resize=1280%2C720&#038;ssl=1\" alt=\"\" width=\"1280\" height=\"720\" srcset=\"https:\/\/i0.wp.com\/litci.org\/es\/wp-content\/uploads\/2018\/11\/WhatsApp-Image-2018-11-29-at-19.56.15.jpeg?w=1280&amp;ssl=1 1280w, https:\/\/i0.wp.com\/litci.org\/es\/wp-content\/uploads\/2018\/11\/WhatsApp-Image-2018-11-29-at-19.56.15.jpeg?resize=300%2C169&amp;ssl=1 300w, https:\/\/i0.wp.com\/litci.org\/es\/wp-content\/uploads\/2018\/11\/WhatsApp-Image-2018-11-29-at-19.56.15.jpeg?resize=768%2C432&amp;ssl=1 768w, https:\/\/i0.wp.com\/litci.org\/es\/wp-content\/uploads\/2018\/11\/WhatsApp-Image-2018-11-29-at-19.56.15.jpeg?resize=1024%2C576&amp;ssl=1 1024w, https:\/\/i0.wp.com\/litci.org\/es\/wp-content\/uploads\/2018\/11\/WhatsApp-Image-2018-11-29-at-19.56.15.jpeg?resize=747%2C420&amp;ssl=1 747w, https:\/\/i0.wp.com\/litci.org\/es\/wp-content\/uploads\/2018\/11\/WhatsApp-Image-2018-11-29-at-19.56.15.jpeg?resize=640%2C360&amp;ssl=1 640w, https:\/\/i0.wp.com\/litci.org\/es\/wp-content\/uploads\/2018\/11\/WhatsApp-Image-2018-11-29-at-19.56.15.jpeg?resize=681%2C383&amp;ssl=1 681w\" sizes=\"auto, (max-width: 1000px) 100vw, 1000px\" \/><\/a><p id=\"caption-attachment-52011\" class=\"wp-caption-text\">La LIT-CI en el acto por la libertad de Daniel Ruiz<\/p><\/div> <div id=\"attachment_52019\" style=\"width: 1290px\" class=\"wp-caption aligncenter\"><a href=\"https:\/\/i0.wp.com\/litci.org\/es\/wp-content\/uploads\/2018\/11\/WhatsApp-Image-2018-11-29-at-18.32.08-2.jpeg?ssl=1\"><img data-recalc-dims=\"1\" loading=\"lazy\" decoding=\"async\" aria-describedby=\"caption-attachment-52019\" class=\"size-full wp-image-52019\" src=\"https:\/\/i0.wp.com\/litci.org\/es\/wp-content\/uploads\/2018\/11\/WhatsApp-Image-2018-11-29-at-18.32.08-2.jpeg?resize=1280%2C960&#038;ssl=1\" alt=\"\" width=\"1280\" height=\"960\" srcset=\"https:\/\/i0.wp.com\/litci.org\/es\/wp-content\/uploads\/2018\/11\/WhatsApp-Image-2018-11-29-at-18.32.08-2.jpeg?w=1280&amp;ssl=1 1280w, https:\/\/i0.wp.com\/litci.org\/es\/wp-content\/uploads\/2018\/11\/WhatsApp-Image-2018-11-29-at-18.32.08-2.jpeg?resize=300%2C225&amp;ssl=1 300w, https:\/\/i0.wp.com\/litci.org\/es\/wp-content\/uploads\/2018\/11\/WhatsApp-Image-2018-11-29-at-18.32.08-2.jpeg?resize=768%2C576&amp;ssl=1 768w, https:\/\/i0.wp.com\/litci.org\/es\/wp-content\/uploads\/2018\/11\/WhatsApp-Image-2018-11-29-at-18.32.08-2.jpeg?resize=1024%2C768&amp;ssl=1 1024w, https:\/\/i0.wp.com\/litci.org\/es\/wp-content\/uploads\/2018\/11\/WhatsApp-Image-2018-11-29-at-18.32.08-2.jpeg?resize=560%2C420&amp;ssl=1 560w, https:\/\/i0.wp.com\/litci.org\/es\/wp-content\/uploads\/2018\/11\/WhatsApp-Image-2018-11-29-at-18.32.08-2.jpeg?resize=80%2C60&amp;ssl=1 80w, https:\/\/i0.wp.com\/litci.org\/es\/wp-content\/uploads\/2018\/11\/WhatsApp-Image-2018-11-29-at-18.32.08-2.jpeg?resize=100%2C75&amp;ssl=1 100w, https:\/\/i0.wp.com\/litci.org\/es\/wp-content\/uploads\/2018\/11\/WhatsApp-Image-2018-11-29-at-18.32.08-2.jpeg?resize=180%2C135&amp;ssl=1 180w, https:\/\/i0.wp.com\/litci.org\/es\/wp-content\/uploads\/2018\/11\/WhatsApp-Image-2018-11-29-at-18.32.08-2.jpeg?resize=238%2C178&amp;ssl=1 238w, https:\/\/i0.wp.com\/litci.org\/es\/wp-content\/uploads\/2018\/11\/WhatsApp-Image-2018-11-29-at-18.32.08-2.jpeg?resize=640%2C480&amp;ssl=1 640w, https:\/\/i0.wp.com\/litci.org\/es\/wp-content\/uploads\/2018\/11\/WhatsApp-Image-2018-11-29-at-18.32.08-2.jpeg?resize=681%2C511&amp;ssl=1 681w\" sizes=\"auto, (max-width: 1000px) 100vw, 1000px\" \/><\/a><p id=\"caption-attachment-52019\" class=\"wp-caption-text\">Acto por la libertad de Daniel Ruiz<\/p><\/div><\/p>\n<p>Acompa\u00f1e en nuestro sitio la cobertura de las actividades, espec\u00edficamente de la marcha convocada a partir de las 15h00 en Buenos Aires.<\/p>\n<p>&nbsp;<\/p>\n<p>&nbsp;<\/p>\n","protected":false},"excerpt":{"rendered":"<p>Comienza hoy la cumbre anual del G20, la reuni\u00f3n de los principales l\u00edderes y bandidos imperialistas en nivel mundial. La ciudad de Buenos Aires est\u00e1 militarizada, con m\u00e1s de 30.000 efectivos de las fuerzas de represi\u00f3n desplegados para impedir las protestas.<\/p>\n","protected":false},"author":5,"featured_media":52016,"menu_order":0,"comment_status":"closed","ping_status":"open","sticky":false,"template":"","format":"standard","meta":{"jetpack_post_was_ever_published":false,"_jetpack_newsletter_access":"","_jetpack_dont_email_post_to_subs":false,"_jetpack_newsletter_tier_id":0,"_jetpack_memberships_contains_paywalled_content":false,"litci_post_political_author":"","_jetpack_memberships_contains_paid_content":false,"footnotes":""},"categories":[13672],"tags":[13174,13673,2882,9098],"class_list":["post-52009","post","type-post","status-publish","format-standard","has-post-thumbnail","hentry","category-cobertura-g20","tag-g20","tag-perez-esquivel","tag-pstu-2","tag-trump"],"jetpack_featured_media_url":"https:\/\/i0.wp.com\/litci.org\/es\/wp-content\/uploads\/2018\/11\/3141390217608108_1.jpg?fit=1312%2C1043&ssl=1","fimg_url":"https:\/\/i0.wp.com\/litci.org\/es\/wp-content\/uploads\/2018\/11\/3141390217608108_1.jpg?fit=1312%2C1043&ssl=1","categories_names":["Cobertura G20"],"author_info":{"name":"Kely","pic":"https:\/\/secure.gravatar.com\/avatar\/19003bf6219614b90207b39bd4a2733ce9cf96693efdfd639b15a829beed53d1?s=96&d=mm&r=g"},"political_author":null,"tagline":"","jetpack_sharing_enabled":true,"_links":{"self":[{"href":"https:\/\/litci.org\/es\/wp-json\/wp\/v2\/posts\/52009","targetHints":{"allow":["GET"]}}],"collection":[{"href":"https:\/\/litci.org\/es\/wp-json\/wp\/v2\/posts"}],"about":[{"href":"https:\/\/litci.org\/es\/wp-json\/wp\/v2\/types\/post"}],"author":[{"embeddable":true,"href":"https:\/\/litci.org\/es\/wp-json\/wp\/v2\/users\/5"}],"replies":[{"embeddable":true,"href":"https:\/\/litci.org\/es\/wp-json\/wp\/v2\/comments?post=52009"}],"version-history":[{"count":4,"href":"https:\/\/litci.org\/es\/wp-json\/wp\/v2\/posts\/52009\/revisions"}],"predecessor-version":[{"id":52020,"href":"https:\/\/litci.org\/es\/wp-json\/wp\/v2\/posts\/52009\/revisions\/52020"}],"wp:featuredmedia":[{"embeddable":true,"href":"https:\/\/litci.org\/es\/wp-json\/wp\/v2\/media\/52016"}],"wp:attachment":[{"href":"https:\/\/litci.org\/es\/wp-json\/wp\/v2\/media?parent=52009"}],"wp:term":[{"taxonomy":"category","embeddable":true,"href":"https:\/\/litci.org\/es\/wp-json\/wp\/v2\/categories?post=52009"},{"taxonomy":"post_tag","embeddable":true,"href":"https:\/\/litci.org\/es\/wp-json\/wp\/v2\/tags?post=52009"}],"curies":[{"name":"wp","href":"https:\/\/api.w.org\/{rel}","templated":true}]}}