{"id":51988,"date":"2018-11-29T17:09:13","date_gmt":"2018-11-29T19:09:13","guid":{"rendered":"https:\/\/litci.org\/es\/?p=51988"},"modified":"2018-11-30T09:29:41","modified_gmt":"2018-11-30T11:29:41","slug":"especial-g20-se-realiza-buenos-aires-la-cumbre-los-pueblos","status":"publish","type":"post","link":"https:\/\/litci.org\/es\/especial-g20-se-realiza-buenos-aires-la-cumbre-los-pueblos\/","title":{"rendered":"Especial G20: Se realiza en Buenos Aires la Cumbre de los Pueblos"},"content":{"rendered":"<p>Este 30 de noviembre y 1 de diciembre se realiza en Argentina la Cumbre del G20, donde se re\u00fanen los representantes de las principales potencias econ\u00f3micas del mundo.<\/p>\n<p>Ante esto, el pueblo argentino y miles de activistas de distintos pa\u00edses del mundo se re\u00fanen desde hoy 29 de noviembre, para realizar la \u201cCumbre de los pueblos\u201d, una serie de actividades de las organizaciones populares, sociales y sindicales para discutir los problemas que los diferentes imperialismos generan al pueblo trabajador en el mundo y las luchas que quedan por delante.e<\/p>\n<p>El metroviario Fabio Bosco, militante del PSTU de Brasil y de la LIT-CI, viaj\u00f3 hasta Argentina como parte de una delegaci\u00f3n internacional de la CSP-CONLUTAS. Desde la ciudad de Buenos Aires, nos informa del desarrollo de la Cumbre de los Pueblos y de las manifestaciones contra el G20.<\/p>\n<p><center><\/p>\n<p><div class=\"fb-video\" data-allowfullscreen=\"true\" data-href=\"https:\/\/www.facebook.com\/litci.cuartainternacional\/videos\/vl.192799551658312\/122803275303497\/?type=1\" style=\"background-color: #fff; display: inline-block;\"><\/div>\n<\/p>\n<p><div class=\"fb-video\" data-allowfullscreen=\"true\" data-href=\"https:\/\/www.facebook.com\/litci.cuartainternacional\/videos\/vl.192799551658312\/212113426353893\/?type=1\" style=\"background-color: #fff; display: inline-block;\"><\/div>\n<\/p>\n<p><div class=\"fb-video\" data-allowfullscreen=\"true\" data-href=\"https:\/\/www.facebook.com\/litci.cuartainternacional\/videos\/vl.192799551658312\/729253530784001\/?type=1\" style=\"background-color: #fff; display: inline-block;\"><\/div>\n<\/p>\n<p><div class=\"fb-video\" data-allowfullscreen=\"true\" data-href=\"https:\/\/www.facebook.com\/litci.cuartainternacional\/videos\/vl.192799551658312\/748740482127080\/?type=1\" style=\"background-color: #fff; display: inline-block;\"><\/div>\n<\/p>\n<p><div class=\"fb-video\" data-allowfullscreen=\"true\" data-href=\"https:\/\/www.facebook.com\/litci.cuartainternacional\/videos\/vl.192799551658312\/2306076416283005\/?type=1\" style=\"background-color: #fff; display: inline-block;\"><\/div>\n<\/p>\n<p><div class=\"fb-video\" data-allowfullscreen=\"true\" data-href=\"https:\/\/www.facebook.com\/litci.cuartainternacional\/videos\/vl.192799551658312\/305436800070043\/?type=1\" style=\"background-color: #fff; display: inline-block;\"><\/div>\n<\/p>\n<p><div class=\"fb-video\" data-allowfullscreen=\"true\" data-href=\"https:\/\/www.facebook.com\/litci.cuartainternacional\/videos\/vl.192799551658312\/2308016879422217\/?type=1\" style=\"background-color: #fff; display: inline-block;\"><\/div>\n<\/p>\n<p><\/center><\/p>\n","protected":false},"excerpt":{"rendered":"<p>Este 30 de noviembre y 1 de diciembre se realiza en Argentina la Cumbre del G20, donde se re\u00fanen los representantes de las principales potencias econ\u00f3micas del mundo. Ante esto, el pueblo argentino y miles de activistas de distintos pa\u00edses del mundo se re\u00fanen desde hoy 29 de noviembre, para realizar la \u201cCumbre de los [&hellip;]<\/p>\n","protected":false},"author":12,"featured_media":51989,"menu_order":0,"comment_status":"closed","ping_status":"open","sticky":false,"template":"","format":"video","meta":{"jetpack_post_was_ever_published":false,"_jetpack_newsletter_access":"","_jetpack_dont_email_post_to_subs":false,"_jetpack_newsletter_tier_id":0,"_jetpack_memberships_contains_paywalled_content":false,"litci_post_political_author":"","_jetpack_memberships_contains_paid_content":false,"footnotes":""},"categories":[13672],"tags":[13174],"class_list":["post-51988","post","type-post","status-publish","format-video","has-post-thumbnail","hentry","category-cobertura-g20","tag-g20","post_format-post-format-video"],"jetpack_featured_media_url":"https:\/\/i0.wp.com\/litci.org\/es\/wp-content\/uploads\/2018\/11\/cumbre-pueblo.jpg?fit=960%2C720&ssl=1","fimg_url":"https:\/\/i0.wp.com\/litci.org\/es\/wp-content\/uploads\/2018\/11\/cumbre-pueblo.jpg?fit=960%2C720&ssl=1","categories_names":["Cobertura G20"],"author_info":{"name":"Romerito Pontes","pic":"https:\/\/secure.gravatar.com\/avatar\/2c70fd3d85473b78a2439d71fdee7820f1cb10c90631a5c8e25dc91f973725ad?s=96&d=mm&r=g"},"political_author":null,"tagline":"","jetpack_sharing_enabled":true,"_links":{"self":[{"href":"https:\/\/litci.org\/es\/wp-json\/wp\/v2\/posts\/51988","targetHints":{"allow":["GET"]}}],"collection":[{"href":"https:\/\/litci.org\/es\/wp-json\/wp\/v2\/posts"}],"about":[{"href":"https:\/\/litci.org\/es\/wp-json\/wp\/v2\/types\/post"}],"author":[{"embeddable":true,"href":"https:\/\/litci.org\/es\/wp-json\/wp\/v2\/users\/12"}],"replies":[{"embeddable":true,"href":"https:\/\/litci.org\/es\/wp-json\/wp\/v2\/comments?post=51988"}],"version-history":[{"count":5,"href":"https:\/\/litci.org\/es\/wp-json\/wp\/v2\/posts\/51988\/revisions"}],"predecessor-version":[{"id":52005,"href":"https:\/\/litci.org\/es\/wp-json\/wp\/v2\/posts\/51988\/revisions\/52005"}],"wp:featuredmedia":[{"embeddable":true,"href":"https:\/\/litci.org\/es\/wp-json\/wp\/v2\/media\/51989"}],"wp:attachment":[{"href":"https:\/\/litci.org\/es\/wp-json\/wp\/v2\/media?parent=51988"}],"wp:term":[{"taxonomy":"category","embeddable":true,"href":"https:\/\/litci.org\/es\/wp-json\/wp\/v2\/categories?post=51988"},{"taxonomy":"post_tag","embeddable":true,"href":"https:\/\/litci.org\/es\/wp-json\/wp\/v2\/tags?post=51988"}],"curies":[{"name":"wp","href":"https:\/\/api.w.org\/{rel}","templated":true}]}}