{"id":51972,"date":"2018-11-30T09:13:37","date_gmt":"2018-11-30T11:13:37","guid":{"rendered":"https:\/\/litci.org\/es\/?p=51972"},"modified":"2018-11-30T09:13:37","modified_gmt":"2018-11-30T11:13:37","slug":"san-pablo-tambien-acto-g20-30-noviembre","status":"publish","type":"post","link":"https:\/\/litci.org\/es\/san-pablo-tambien-acto-g20-30-noviembre\/","title":{"rendered":"San Pablo tambi\u00e9n hace acto contra el G20 el 30 de noviembre"},"content":{"rendered":"<p><em>Manifestaciones ocurrir\u00e1n el pr\u00f3ximo viernes, a las 17 horas frente al Consulado de la Argentina en la Avenida Paulista.<\/em><!--more--><\/p>\n<p>Por: PSTU \u2013 Brasil<\/p>\n<p>El pr\u00f3ximo 30 de noviembre, viernes, mientras millares de trabajadores argentinos y de varios pa\u00edses protestan contra el G20 en las calles de Buenos Aires, en San Pablo tambi\u00e9n ocurrir\u00e1 una protesta contra la reuni\u00f3n de los gobiernos de las principales potencias del mundo.<\/p>\n<p>La manifestaci\u00f3n, convocada por la CSP-Conlutas ser\u00e1 a las 17 horas frente al Consulado argentino, en la Avenida Paulista n.\u00b0 2313.<\/p>\n<p><strong>Lea abajo la convocatoria<\/strong><\/p>\n<p>Los d\u00edas 30 de noviembre y 1 de diciembre en la Argentina se realizar\u00e1 el encuentro de la C\u00fapula del G20.<\/p>\n<p>Desde aqu\u00ed en Brasil, la movilizaci\u00f3n de apoyo ocurrir\u00e1 frente al Consulado argentino, el 30 de noviembre, a partir de las 17 horas.<\/p>\n<p><strong>\u00bfPor qu\u00e9 debemos protestar contra el G20?<\/strong><\/p>\n<p>La reuni\u00f3n del G20, grupo constituido por ministros de Econom\u00eda y presidentes de bancos centrales de los 19 pa\u00edses de econom\u00edas m\u00e1s desarrolladas del mundo m\u00e1s la Uni\u00f3n Europea con otros que son llamados \u201cemergentes\u201d, tiene el objetivo de elaborar y determinar pol\u00edticas con nuevas formas de explotaci\u00f3n.<\/p>\n<p>En resumen, significa que, juntos, los pa\u00edses m\u00e1s poderosos discutir\u00e1n medios de sobrevivir frente a la crisis econ\u00f3mica que domina el mundo entero y arrojar las consecuencias de esa articulaci\u00f3n en nuestras espaldas, con el quite de m\u00e1s derechos y m\u00e1s ataques a los trabajadores.<\/p>\n<p>La CSP-Conlutas hace un llamado a la movilizaci\u00f3n para mostrar que la clase trabajadora no acepta las pol\u00edticas promovidas e implementadas por el G20, y trabajar\u00e1 en conjunto a partir del Brasil y de diferentes pa\u00edses y sus diversas realidades para enfrentar las imposiciones de las poderosas elites econ\u00f3micas y militares.<\/p>\n<p>Confirme su presencia en el <strong><a href=\"https:\/\/www.facebook.com\/events\/2181506522170167\/\" target=\"_blank\" rel=\"noopener\">evento do Facebook<\/a><\/strong><\/p>\n<p>Traducci\u00f3n: Natalia Estrada.<\/p>\n","protected":false},"excerpt":{"rendered":"<p>Manifestaciones ocurrir\u00e1n el pr\u00f3ximo viernes, a las 17 horas frente al Consulado de la Argentina en la Avenida Paulista.<\/p>\n","protected":false},"author":4,"featured_media":51973,"menu_order":0,"comment_status":"closed","ping_status":"open","sticky":false,"template":"","format":"standard","meta":{"jetpack_post_was_ever_published":false,"_jetpack_newsletter_access":"","_jetpack_dont_email_post_to_subs":false,"_jetpack_newsletter_tier_id":0,"_jetpack_memberships_contains_paywalled_content":false,"litci_post_political_author":"","_jetpack_memberships_contains_paid_content":false,"footnotes":""},"categories":[2652,2676,13672,2653],"tags":[3465,9515,13174,3035,13666,6785],"class_list":["post-51972","post","type-post","status-publish","format-standard","has-post-thumbnail","hentry","category-argentina","category-brasil","category-cobertura-g20","category-pstu-brasil","tag-csp-conlutas","tag-economia-capitalista","tag-g20","tag-imperialismo-2","tag-paises-emergentes","tag-trabajadores-en-lucha"],"jetpack_featured_media_url":"https:\/\/i0.wp.com\/litci.org\/es\/wp-content\/uploads\/2018\/11\/G20-CAPA-FACEBOOK-1.png?fit=696%2C257&ssl=1","fimg_url":"https:\/\/i0.wp.com\/litci.org\/es\/wp-content\/uploads\/2018\/11\/G20-CAPA-FACEBOOK-1.png?fit=696%2C257&ssl=1","categories_names":["Argentina","Brasil","Cobertura G20","PSTU - Brasil"],"author_info":{"name":"Administraci\u00f3n Site","pic":"https:\/\/secure.gravatar.com\/avatar\/1fc4a65db396208ca881747f59a66a20c6b8670747457224753e1e98c43f719b?s=96&d=mm&r=g"},"political_author":null,"tagline":"","jetpack_sharing_enabled":true,"_links":{"self":[{"href":"https:\/\/litci.org\/es\/wp-json\/wp\/v2\/posts\/51972","targetHints":{"allow":["GET"]}}],"collection":[{"href":"https:\/\/litci.org\/es\/wp-json\/wp\/v2\/posts"}],"about":[{"href":"https:\/\/litci.org\/es\/wp-json\/wp\/v2\/types\/post"}],"author":[{"embeddable":true,"href":"https:\/\/litci.org\/es\/wp-json\/wp\/v2\/users\/4"}],"replies":[{"embeddable":true,"href":"https:\/\/litci.org\/es\/wp-json\/wp\/v2\/comments?post=51972"}],"version-history":[{"count":1,"href":"https:\/\/litci.org\/es\/wp-json\/wp\/v2\/posts\/51972\/revisions"}],"predecessor-version":[{"id":51974,"href":"https:\/\/litci.org\/es\/wp-json\/wp\/v2\/posts\/51972\/revisions\/51974"}],"wp:featuredmedia":[{"embeddable":true,"href":"https:\/\/litci.org\/es\/wp-json\/wp\/v2\/media\/51973"}],"wp:attachment":[{"href":"https:\/\/litci.org\/es\/wp-json\/wp\/v2\/media?parent=51972"}],"wp:term":[{"taxonomy":"category","embeddable":true,"href":"https:\/\/litci.org\/es\/wp-json\/wp\/v2\/categories?post=51972"},{"taxonomy":"post_tag","embeddable":true,"href":"https:\/\/litci.org\/es\/wp-json\/wp\/v2\/tags?post=51972"}],"curies":[{"name":"wp","href":"https:\/\/api.w.org\/{rel}","templated":true}]}}