{"id":51916,"date":"2018-11-27T10:29:32","date_gmt":"2018-11-27T12:29:32","guid":{"rendered":"https:\/\/litci.org\/es\/?p=51916"},"modified":"2018-11-29T17:59:55","modified_gmt":"2018-11-29T19:59:55","slug":"declaracion-todos-las-calles-g20","status":"publish","type":"post","link":"https:\/\/litci.org\/es\/declaracion-todos-las-calles-g20\/","title":{"rendered":"Declaraci\u00f3n: \u00a1Todos a las calles! Fuera el G20!"},"content":{"rendered":"<p><em>Buenos Aires est\u00e1 ocupada militarmente, Treinta mil soldados custodian la reuni\u00f3n del G20, la reuni\u00f3n de los principales dirigentes del capitalismo mundial.\u00a0 La imagen ilustra bien la situaci\u00f3n pol\u00edtica: solo con el apoyo de una fuerza militar brutal esos gobernantes pueden reunirse. Ellos saben que son odiados por la mayor\u00eda de los trabajadores y j\u00f3venes del mundo. <\/em><!--more--><\/p>\n<p>Trump, la verdadera cara fea del imperialismo, ya en su primer d\u00eda de gobierno tuvo que enfrentar una gigantesca movilizaci\u00f3n de mujeres en su contra.\u00a0 Adonde sea que vaya, Trump provoca enormes movilizaciones de repudio.\u00a0 Una parte importante de la fuerza represiva en Buenos Aires es para evitar movilizaciones mayores y para defender a Trump.<\/p>\n<p>Macron, el presidente franc\u00e9s elegido hace menos de dos a\u00f1os, es repudiado por el 75% de los franceses, despu\u00e9s de los planes econ\u00f3micos aplicados. Grandes movilizaciones contra el aumento de los combustibles sacuden a Francia en este momento.<\/p>\n<p>Macri, el anfitri\u00f3n del G 20, ya tuvo que enfrentar cuatro huelgas generales y es repudiado por el 70% de los argentinos. Aplic\u00f3 los planes dictados por el imperialismo, y ahora quiere atacar a\u00fan m\u00e1s a los trabajadores. Reprime las huelgas y las movilizaciones. Ahora manteniendo preso a Daniel Ruiz, uno de los organizadores de esta movilizaci\u00f3n contra el G20, y persiguiendo a Sebasti\u00e1n Romero por luchar contra sus planes. Esa semana fueron asesinados, por la polic\u00eda, dos luchadores populares.<\/p>\n<p>Temer, es el presidente, al final de su mandato,\u00a0 m\u00e1s odiado de toda la historia de Brasil. El 92% de los brasile\u00f1os no conf\u00edan en \u00e9l. Impuso una reforma laboral brutal para precarizar los derechos de los trabajadores. Quer\u00eda traer a la reuni\u00f3n a Bolsonaro, el nuevo presidente electo (con el apoyo de s\u00f3lo el 30% de la poblaci\u00f3n) de ultraderecha, racista, xen\u00f3fobo, machista. Bolsonaro, elegido por haber capitalizado la bronca general del pueblo contra el PT, va aplicar un plan neoliberal a\u00fan m\u00e1s duro, bajos las \u00f3rdenes de Trump, y amenaza hacer retroceder al pa\u00eds hacia una dictadura.<\/p>\n<p>Putin y Xi Jinping representantes de las burgues\u00edas rusa y china tienen enfrentamientos puntuales con Trump, pero tienen\u00a0 completo acuerdo con los planes neoliberales y con el apoyo a dictaduras sanguinarias.<\/p>\n<p>Esos gobernantes se re\u00fanen para definir planes neoliberales dur\u00edsimos contra nuestros pueblos, privatizando las empresas estatales que restan. El imperialismo saquea nuestros pa\u00edses. La reuni\u00f3n del G20 es para eso.<\/p>\n<p><strong>El mundo precisa ver tambi\u00e9n la movilizaci\u00f3n contra el G20. <\/strong><\/p>\n<p>La atenci\u00f3n del mundo, en estos d\u00edas,\u00a0 estar\u00e1 enfocada en Buenos Aires. \u00a0Y es importante que se vea tambi\u00e9n la otra escena, la de una gran movilizaci\u00f3n contra esos gobernantes. Habr\u00e1 una marcha unitaria, internacionalista, juntando centrales sindicales, movimientos y partidos de izquierda latinoamericanos.<\/p>\n<p>Es preciso mostrar al mundo que si ellos se unen, nosotros tambi\u00e9n nos unimos en una gran lucha contra los planes neoliberales y los gobiernos que los aplican. Por eso invitamos a todos los trabajadores \u00a0a sumarse a la marcha del d\u00eda 30, como parte de la Confluencia contra el G20. Al mismo tiempo queremos decir a todos los activistas que nos escuchan, que luchamos unitariamente, pero queremos debatir las diferentes visiones entre los que luchan contra el G20. Los trabajadores y j\u00f3venes precisamos aprender de nuestras victorias y tambi\u00e9n de nuestras derrotas.<\/p>\n<div id=\"attachment_51917\" style=\"width: 3788px\" class=\"wp-caption aligncenter\"><a href=\"https:\/\/i0.wp.com\/litci.org\/es\/wp-content\/uploads\/2018\/11\/protestas-reforma-pensiones-argentina-3.jpg?ssl=1\"><img data-recalc-dims=\"1\" loading=\"lazy\" decoding=\"async\" aria-describedby=\"caption-attachment-51917\" class=\"size-full wp-image-51917\" src=\"https:\/\/i0.wp.com\/litci.org\/es\/wp-content\/uploads\/2018\/11\/protestas-reforma-pensiones-argentina-3.jpg?resize=3778%2C2533&#038;ssl=1\" alt=\"\" width=\"3778\" height=\"2533\" srcset=\"https:\/\/i0.wp.com\/litci.org\/es\/wp-content\/uploads\/2018\/11\/protestas-reforma-pensiones-argentina-3.jpg?w=3778&amp;ssl=1 3778w, https:\/\/i0.wp.com\/litci.org\/es\/wp-content\/uploads\/2018\/11\/protestas-reforma-pensiones-argentina-3.jpg?resize=300%2C201&amp;ssl=1 300w, https:\/\/i0.wp.com\/litci.org\/es\/wp-content\/uploads\/2018\/11\/protestas-reforma-pensiones-argentina-3.jpg?resize=768%2C515&amp;ssl=1 768w, https:\/\/i0.wp.com\/litci.org\/es\/wp-content\/uploads\/2018\/11\/protestas-reforma-pensiones-argentina-3.jpg?resize=1024%2C687&amp;ssl=1 1024w, https:\/\/i0.wp.com\/litci.org\/es\/wp-content\/uploads\/2018\/11\/protestas-reforma-pensiones-argentina-3.jpg?resize=626%2C420&amp;ssl=1 626w, https:\/\/i0.wp.com\/litci.org\/es\/wp-content\/uploads\/2018\/11\/protestas-reforma-pensiones-argentina-3.jpg?resize=537%2C360&amp;ssl=1 537w, https:\/\/i0.wp.com\/litci.org\/es\/wp-content\/uploads\/2018\/11\/protestas-reforma-pensiones-argentina-3.jpg?resize=640%2C429&amp;ssl=1 640w, https:\/\/i0.wp.com\/litci.org\/es\/wp-content\/uploads\/2018\/11\/protestas-reforma-pensiones-argentina-3.jpg?resize=681%2C457&amp;ssl=1 681w, https:\/\/i0.wp.com\/litci.org\/es\/wp-content\/uploads\/2018\/11\/protestas-reforma-pensiones-argentina-3.jpg?w=2000 2000w, https:\/\/i0.wp.com\/litci.org\/es\/wp-content\/uploads\/2018\/11\/protestas-reforma-pensiones-argentina-3.jpg?w=3000 3000w\" sizes=\"auto, (max-width: 1000px) 100vw, 1000px\" \/><\/a><p id=\"caption-attachment-51917\" class=\"wp-caption-text\">Macri prepara un enorme dispositivo de represi\u00f3n<\/p><\/div>\n<p>La elecci\u00f3n de Bolsonaro en Brasil ser\u00eda imposible\u00a0 si los trabajadores no hubiesen roto duramente con el PT, que aplic\u00f3 los mismos planes neoliberales y tuvo la misma corrupci\u00f3n de los gobiernos burgueses anteriores. Macri \u00a0s\u00f3lo se eligi\u00f3 porque el gobierno Kirchner fue un desastre por los mismos planes neoliberales. Las dictaduras de Maduro en Venezuela y de Ortega en Nicaragua, son apoyadas pro buena parte de la \u201cizquierda\u201d latinoamericana, a pesar de que aplican esos mismos planes y reprimen duramente a los trabajadores.<\/p>\n<p>Nuestros partidos revolucionarios est\u00e1n en esta lucha conjunta, pero no aceptan la alternativa de los partidos electoralistas. Cuando quedan en la \u201coposici\u00f3n\u201d partidos como el PT en Brasil o el kirchnerismo (junto a la burocracia sindical) en Argentina, frenan las luchas y encaminan todo para las elecciones, con la esperanza de volver a ser gobierno y hacer las mismas cosas. Solo la lucha directa de los trabajadores puede cambiar nuestros pa\u00edses. La salida que proponemos es la revoluci\u00f3n y el socialismo. Solo los trabajadores en el poder estatal pueden romper con la miseria, el saqueo y la dominaci\u00f3n imperialista, logando la Segunda y definitiva independencia de Am\u00e9rica Latina.<\/p>\n<p>Por eso\u00a0 invitamos a todos los activistas a discutir con nosotros la situaci\u00f3n brasile\u00f1a, el\u00a0 29 a las 14 horas \u00a0en la \u00a0Tienda de la <em>CSP Conlutas<\/em> \u00a0en la \u00a0<em>C\u00fapula Alternativa<\/em> (Plaza Congreso). \u00a0Y tambi\u00e9n los queremos invitar a la mesa que haremos para defender la libertad de Daniel Ruiz,\u00a0 tambi\u00e9n en la Tienda de la <em>Conlutas,<\/em> el mismo 29 a las 17 horas.<\/p>\n<p><strong>\u00a1Fuera el \u00a0G20! Fuera el FMI!<\/strong><\/p>\n<p><strong>\u00a1Fuera \u00a0Macri!<\/strong><\/p>\n<p><strong>\u00a1Viva la lucha directa de los trabajadores!<\/strong><\/p>\n<p><strong>\u00a1Libertad para Daniel Ruiz! Por el fin de la persecuci\u00f3n a Sebasti\u00e1n Romero! Basta de asesinato de luchadores!<\/strong><\/p>\n<p><strong>\u00a1Por gobiernos de los trabajadores y el pueblo pobre<\/strong>!<\/p>\n<p>Liga Internacional de los Trabajadores-Cuarta Internacional<\/p>\n<p>PSTU-Argentina<\/p>\n<p>PSTU-Brasil<\/p>\n<p>MIT-Chile<\/p>\n<p>&nbsp;<\/p>\n<p>&nbsp;<\/p>\n","protected":false},"excerpt":{"rendered":"<p>Buenos Aires est\u00e1 ocupada militarmente, Treinta mil soldados custodian la reuni\u00f3n del G20, la reuni\u00f3n de los principales dirigentes del capitalismo mundial.\u00a0 La imagen ilustra bien la situaci\u00f3n pol\u00edtica: solo con el apoyo de una fuerza militar brutal esos gobernantes pueden reunirse. Ellos saben que son odiados por la mayor\u00eda de los trabajadores y j\u00f3venes [&hellip;]<\/p>\n","protected":false},"author":5,"featured_media":51918,"menu_order":0,"comment_status":"closed","ping_status":"open","sticky":false,"template":"","format":"standard","meta":{"jetpack_post_was_ever_published":false,"_jetpack_newsletter_access":"","_jetpack_dont_email_post_to_subs":false,"_jetpack_newsletter_tier_id":0,"_jetpack_memberships_contains_paywalled_content":false,"litci_post_political_author":"","_jetpack_memberships_contains_paid_content":false,"footnotes":""},"categories":[13672,2781],"tags":[],"class_list":["post-51916","post","type-post","status-publish","format-standard","has-post-thumbnail","hentry","category-cobertura-g20","category-latinoamerica"],"jetpack_featured_media_url":"https:\/\/i0.wp.com\/litci.org\/es\/wp-content\/uploads\/2018\/11\/detenciones1234_0.jpg?fit=1366%2C765&ssl=1","fimg_url":"https:\/\/i0.wp.com\/litci.org\/es\/wp-content\/uploads\/2018\/11\/detenciones1234_0.jpg?fit=1366%2C765&ssl=1","categories_names":["Cobertura G20","Latinoam\u00e9rica"],"author_info":{"name":"Kely","pic":"https:\/\/secure.gravatar.com\/avatar\/19003bf6219614b90207b39bd4a2733ce9cf96693efdfd639b15a829beed53d1?s=96&d=mm&r=g"},"political_author":null,"tagline":"","jetpack_sharing_enabled":true,"_links":{"self":[{"href":"https:\/\/litci.org\/es\/wp-json\/wp\/v2\/posts\/51916","targetHints":{"allow":["GET"]}}],"collection":[{"href":"https:\/\/litci.org\/es\/wp-json\/wp\/v2\/posts"}],"about":[{"href":"https:\/\/litci.org\/es\/wp-json\/wp\/v2\/types\/post"}],"author":[{"embeddable":true,"href":"https:\/\/litci.org\/es\/wp-json\/wp\/v2\/users\/5"}],"replies":[{"embeddable":true,"href":"https:\/\/litci.org\/es\/wp-json\/wp\/v2\/comments?post=51916"}],"version-history":[{"count":1,"href":"https:\/\/litci.org\/es\/wp-json\/wp\/v2\/posts\/51916\/revisions"}],"predecessor-version":[{"id":51919,"href":"https:\/\/litci.org\/es\/wp-json\/wp\/v2\/posts\/51916\/revisions\/51919"}],"wp:featuredmedia":[{"embeddable":true,"href":"https:\/\/litci.org\/es\/wp-json\/wp\/v2\/media\/51918"}],"wp:attachment":[{"href":"https:\/\/litci.org\/es\/wp-json\/wp\/v2\/media?parent=51916"}],"wp:term":[{"taxonomy":"category","embeddable":true,"href":"https:\/\/litci.org\/es\/wp-json\/wp\/v2\/categories?post=51916"},{"taxonomy":"post_tag","embeddable":true,"href":"https:\/\/litci.org\/es\/wp-json\/wp\/v2\/tags?post=51916"}],"curies":[{"name":"wp","href":"https:\/\/api.w.org\/{rel}","templated":true}]}}