{"id":51902,"date":"2018-11-26T08:54:57","date_gmt":"2018-11-26T10:54:57","guid":{"rendered":"https:\/\/litci.org\/es\/?p=51902"},"modified":"2018-11-29T18:00:25","modified_gmt":"2018-11-29T20:00:25","slug":"g20-enfrentara-protestas-buenos-aires","status":"publish","type":"post","link":"https:\/\/litci.org\/es\/g20-enfrentara-protestas-buenos-aires\/","title":{"rendered":"G20 enfrentar\u00e1 protestas en Buenos Aires"},"content":{"rendered":"<p><em>Los l\u00edderes del G20 \u2013grupo que re\u00fane a los 19 pa\u00edses m\u00e1s ricos del mundo, m\u00e1s la Uni\u00f3n Europea\u2013 se reunir\u00e1 en Buenos Aires los d\u00edas 30 de noviembre y 1 de diciembre de 2018.<\/em><!--more--><\/p>\n<p>Por: F\u00e1bio Bosco<\/p>\n<p>Ese grupo re\u00fane 90% de le econom\u00eda mundial, 80% del comercio exterior y 66% de la poblaci\u00f3n de todo el mundo.<\/p>\n<p>Fue formado en 2008, cuando realiz\u00f3 su primer encuentro en Washington. Esta ser\u00e1 la 13\u00b0 edici\u00f3n del evento.<\/p>\n<p>Las reuniones del G20 tratan sobre temas relativos a la econom\u00eda internacional y a la garant\u00eda del orden capitalista mundial contra las luchas y los intereses de la clase trabajadora.<\/p>\n<p>Para esta edici\u00f3n se esperan el presidente americano Donald Trump, la canciller alemana Angela Merkel, la primer ministro brit\u00e1nica Thereza May, el franc\u00e9s Emmanuel Macron, adem\u00e1s de otros jefes de Estado odiados como el brasile\u00f1o Michel Temer o el indiano Narenda Modi, adem\u00e1s del propio presidente argentino Mauricio Macri.<\/p>\n<p><strong>Buenos Aires bajo ocupaci\u00f3n<\/strong><\/p>\n<p>Para garantizar la seguridad de los ilustres convidados, el presidente Macri, en coordinaci\u00f3n con los servicios de seguridad de todo el mundo, en particular el estadounidense, ocup\u00f3 la capital argentina con 30.000 soldados. El Aeroparque, segundo principal aeropuerto de la ciudad, y toda el \u00e1rea a su alrededor permanecer\u00e1n bloqueados.<\/p>\n<p>Adem\u00e1s, una fuerza militar y de inteligencia estadounidense con 400 integrantes permanecer\u00e1 en el otro margen del R\u00edo de la Plata, en territorio uruguayo, para coordinar acciones de \u201cseguridad\u201d (l\u00e9ase de represi\u00f3n) con las fuerzas en territorio argentino.<\/p>\n<p>La central sindical uruguaya PIT-CNT protest\u00f3 contra la presencia de la fuerza militar americana no solo porque la reuni\u00f3n del G20 ocurrir\u00e1 en otro pa\u00eds sino, principalmente, porque entiende que su pa\u00eds no debe, de forma alguna, auxiliar cualquier posible acci\u00f3n represiva del otro lado del R\u00edo de la Plata.<\/p>\n<p><strong>Movimiento sindical y popular argentino har\u00e1 protestas<\/strong><\/p>\n<p>Hace algunos meses se form\u00f3 el \u201cConfluencia G20\u201d reuniendo sindicatos, partidos de izquierda y organizaciones del movimiento popular. Su objetivo es organizar las protestas contra el G20 y su reuni\u00f3n.<\/p>\n<p>El d\u00eda 29\/11 se realizar\u00e1n varias actividades y debates con temas relativos a las luchas sociales. El 30\/11 se realizar\u00e1 una gran marcha en el centro de Buenos Aires. La agenda de actividades terminar\u00e1 el 1 de diciembre.<\/p>\n<p><strong>Internacionalismo proletario<\/strong><\/p>\n<p>Adem\u00e1s de organizaciones argentinas, hay organizaciones de otros pa\u00edses que participar\u00e1n de las protestas. Entre ellas est\u00e1 la combativa central sindical y popular brasile\u00f1a CSP-Conlutas y la Red Sindical Internacional de Solidaridad y Luchas (RSISL).<\/p>\n<p>La presencia de organizaciones de otros pa\u00edses es fundamental para construir una cadena de ligaz\u00f3n entre las luchas de todo el continente y de todo el mundo que se dirigen contra los gobiernos y reg\u00edmenes liderados por los participantes del G20.<\/p>\n<p>La caravana de los inmigrantes formada en Honduras, El Salvador y Guatemala, y que est\u00e1 atravesando M\u00e9xico en direcci\u00f3n a Tijuana, en la frontera con los Estados Unidos, es un ejemplo de luchas obreras y populares que unen a sectores de diferentes pa\u00edses y atraen la solidaridad de todo el mundo.<\/p>\n<p>Otro ejemplo es la campa\u00f1a por la inmediata liberaci\u00f3n del activista internacionalista argentino Daniel Ruiz y dem\u00e1s presos pol\u00edticos mantenidos en la c\u00e1rcel por el gobierno Macri, y por el fin de la criminalizaci\u00f3n de las luchas sociales y de la persecuci\u00f3n a activistas como Sebasti\u00e1n Romero.<\/p>\n<p>La reconstrucci\u00f3n del internacionalismo proletario es una tarea planteada a los luchadores y activistas combativos en todo el mundo.<\/p>\n<p>Desgraciadamente, las dos principales centrales sindicales internacionales, el Congreso Sindical Internacional (CSI o ITUC, en ingl\u00e9s) y la Federaci\u00f3n Sindical Mundial (FSM o WTUF, en ingl\u00e9s) est\u00e1n ausentes de este esfuerzo de reconstrucci\u00f3n del internacionalismo proletario.<\/p>\n<p><strong>LIT-CI presente<\/strong><\/p>\n<p>La Liga Internacional de los Trabajadores \u2013 Cuarta Internacional y sus secciones participar\u00e1n de las protestas en Buenos Aires. Al contrario de la mayor\u00eda de las organizaciones pol\u00edticas, la LIT-CI cree que estas protestas son m\u00e1s un momento importante para que la clase trabajadora internacional exprese su descontento con el orden mundial capitalista y sus gobernantes, y para construir lazos en direcci\u00f3n a la reconstrucci\u00f3n de un combativo movimiento sindical y popular de vocaci\u00f3n internacionalista.<\/p>\n<p>Traducci\u00f3n: Natalia Estrada.<\/p>\n","protected":false},"excerpt":{"rendered":"<p>Los l\u00edderes del G20 \u2013grupo que re\u00fane a los 19 pa\u00edses m\u00e1s ricos del mundo, m\u00e1s la Uni\u00f3n Europea\u2013 se reunir\u00e1 en Buenos Aires los d\u00edas 30 de noviembre y 1 de diciembre de 2018.<\/p>\n","protected":false},"author":4,"featured_media":51906,"menu_order":0,"comment_status":"closed","ping_status":"open","sticky":false,"template":"","format":"standard","meta":{"jetpack_post_was_ever_published":false,"_jetpack_newsletter_access":"","_jetpack_dont_email_post_to_subs":false,"_jetpack_newsletter_tier_id":0,"_jetpack_memberships_contains_paywalled_content":false,"litci_post_political_author":"","_jetpack_memberships_contains_paid_content":false,"footnotes":""},"categories":[2652,13672,13396,2781,2737,10806],"tags":[13644,4181,6986,8756,13646,13645],"class_list":["post-51902","post","type-post","status-publish","format-standard","has-post-thumbnail","hentry","category-argentina","category-cobertura-g20","category-daniel-ruiz","category-latinoamerica","category-movimiento-obrero","category-sindical","tag-argentina-g20","tag-centrales-sindicales","tag-clase-trabajadora","tag-fabio-bosco","tag-g20-imperialismo","tag-paises-imperialistas"],"jetpack_featured_media_url":"https:\/\/i0.wp.com\/litci.org\/es\/wp-content\/uploads\/2018\/11\/0004911210.jpg?fit=1140%2C760&ssl=1","fimg_url":"https:\/\/i0.wp.com\/litci.org\/es\/wp-content\/uploads\/2018\/11\/0004911210.jpg?fit=1140%2C760&ssl=1","categories_names":["Argentina","Cobertura G20","Daniel Ruiz","Latinoam\u00e9rica","Movimiento Obrero","Sindical"],"author_info":{"name":"Administraci\u00f3n Site","pic":"https:\/\/secure.gravatar.com\/avatar\/1fc4a65db396208ca881747f59a66a20c6b8670747457224753e1e98c43f719b?s=96&d=mm&r=g"},"political_author":null,"tagline":"","jetpack_sharing_enabled":true,"_links":{"self":[{"href":"https:\/\/litci.org\/es\/wp-json\/wp\/v2\/posts\/51902","targetHints":{"allow":["GET"]}}],"collection":[{"href":"https:\/\/litci.org\/es\/wp-json\/wp\/v2\/posts"}],"about":[{"href":"https:\/\/litci.org\/es\/wp-json\/wp\/v2\/types\/post"}],"author":[{"embeddable":true,"href":"https:\/\/litci.org\/es\/wp-json\/wp\/v2\/users\/4"}],"replies":[{"embeddable":true,"href":"https:\/\/litci.org\/es\/wp-json\/wp\/v2\/comments?post=51902"}],"version-history":[{"count":1,"href":"https:\/\/litci.org\/es\/wp-json\/wp\/v2\/posts\/51902\/revisions"}],"predecessor-version":[{"id":51904,"href":"https:\/\/litci.org\/es\/wp-json\/wp\/v2\/posts\/51902\/revisions\/51904"}],"wp:featuredmedia":[{"embeddable":true,"href":"https:\/\/litci.org\/es\/wp-json\/wp\/v2\/media\/51906"}],"wp:attachment":[{"href":"https:\/\/litci.org\/es\/wp-json\/wp\/v2\/media?parent=51902"}],"wp:term":[{"taxonomy":"category","embeddable":true,"href":"https:\/\/litci.org\/es\/wp-json\/wp\/v2\/categories?post=51902"},{"taxonomy":"post_tag","embeddable":true,"href":"https:\/\/litci.org\/es\/wp-json\/wp\/v2\/tags?post=51902"}],"curies":[{"name":"wp","href":"https:\/\/api.w.org\/{rel}","templated":true}]}}