{"id":51716,"date":"2018-11-07T10:33:16","date_gmt":"2018-11-07T12:33:16","guid":{"rendered":"https:\/\/litci.org\/es\/?p=51716"},"modified":"2018-11-07T10:33:16","modified_gmt":"2018-11-07T12:33:16","slug":"apoyo-los-refugiados-e-inmigrantes","status":"publish","type":"post","link":"https:\/\/litci.org\/es\/apoyo-los-refugiados-e-inmigrantes\/","title":{"rendered":"Todo nuestro apoyo a los refugiados e inmigrantes"},"content":{"rendered":"<p><em>La marcha de inmigrantes le muestra al mundo el drama de millones de personas con hambre, desempleo y miseria.<\/em><!--more--><\/p>\n<p>Por Soraya Misleh, de S\u00e3o Paulo (SP)<\/p>\n<p>La gigantesca caravana de migrantes, oriundos de pa\u00edses de Am\u00e9rica Central, como Honduras, El Salvador y Guatemala, que atraviesa M\u00e9xico hace aproximadamente diez d\u00edas, rumbo a los Estados Unidos, le expone al mundo la tragedia de la pol\u00edtica colonial, impuesta por el imperialismo. Seg\u00fan un reportaje de la BBC, la iniciativa parti\u00f3 de un grupo de mil hondure\u00f1os que salieron de su ciudad &#8211; San Pedro Sur &#8211; como resultado del desempleo y la violencia. Millares de personas se sumaron con el paso de la caravana.<\/p>\n<p>Caminando kil\u00f3metros bajo el sol, en la oscuridad, con ni\u00f1os en los hombros o en los brazos cansados y con las manos llenas de callos, dicen que quieren, adem\u00e1s de escapar de su destino \u201cmanifestado\u201d por el imperialismo, mostrarle al mundo su sufrimiento. Lo han venido logrando. Rompieron la usual invisibilidad en los medios tradicionales. Han llamado la atenci\u00f3n hacia una situaci\u00f3n que no se restringe a la regi\u00f3n, en que los tratados de libre comercio son los grandes villanos, ya que profundizaron la privatizaci\u00f3n y la flexibilizaci\u00f3n de las relaciones de trabajo, ampliando la pobreza, el hambre y el desempleo. Entre los hondure\u00f1os, que son los mayores representantes de la caravana, casi el 70% se encuentra en la pobreza en un total de 8,8 millones de habitantes (vea la nota de la Liga Internacional de los Trabajadores \u201c\u00a1Rodear de solidaridad la caravana de los migrantes\u201d!).<\/p>\n<p>La masa de personas que ha conmovido al mundo trae a la luz un problema global. En pleno siglo XXI, ante la crisis mundial del capitalismo, el n\u00famero de refugiados y dislocados por el hambre, la pobreza o los gobiernos tiranos dio un salto, a partir de 2016, para 65,6 millones de personas. Es la mayor crisis migratoria desde el per\u00edodo posterior a la Segunda Guerra Mundial. <br \/>\nLa mayor\u00eda proviene de \u00c1frica y del Oriente Medio &#8211; siendo los sirios la mitad de los que componen el flujo anual, ante la b\u00e1rbara represi\u00f3n del dictador Bashar Al-Assad a la poderosa revoluci\u00f3n, iniciada en marzo de 2011 en la llamada Primavera \u00c1rabe en pa\u00edses vecinos, que derroc\u00f3 tiranos y puso en jaque al orden imperialista.<\/p>\n<p>En la onda de los que salen de Siria, tambi\u00e9n est\u00e1n palestinos &#8211; cuya gran parte de la poblaci\u00f3n vive fuera de sus tierras y enfrenta la situaci\u00f3n de refugio m\u00e1s larga de la era contempor\u00e1nea, desde la Nakba (cat\u00e1strofe que represent\u00f3 la creaci\u00f3n del Estado de Israel el 15 de mayo de 1948, mediante una limpieza \u00e9tnica). Muchos de los que viv\u00edan en campos en Siria fueron obligados a dejar el pa\u00eds \u00e1rabe en busca de un nuevo refugio para no morir de hambre o de bala, a manos de Assad, o ser presos o torturados. Hoy suman 5 millones en los campos, reconocidos por la Naciones Unidas, m\u00e1s los millones que est\u00e1n en la di\u00e1spora. Un tragedia que solo acabar\u00e1 con el fin del proyecto colonial mantenido por el imperialismo, en alianza con los gobiernos tiranos en la regi\u00f3n.<\/p>\n<p>La crisis migratoria fue objeto de la campa\u00f1a que eligi\u00f3 Trump &#8211; dividiendo a los trabajadores con su discurso xen\u00f3fobo de que los inmigrantes les robar\u00edan el empleo a los estadounidenses. El fracaso de la im\u00e1genes de separaci\u00f3n de los ni\u00f1os de sus padres en centros de detenci\u00f3n de inmigrantes, a mediados de este a\u00f1o, lo oblig\u00f3 a rever esa iniciativa absurda &#8211; pero los dislocados de sus pa\u00edses por la acci\u00f3n del imperialismo, en alianza con los gobiernos locales, contin\u00faan estando en la mirilla.<\/p>\n<p>El tema sigue siendo importante internamente. Hace pr\u00e1cticamente una semana del pleito para el Congreso estadounidense. Como recuerda el reportaje en el Portal G1, \u201cacabar con la inmigraci\u00f3n ilegal fue una de las principales promesas de campa\u00f1a de Trump cuando disputaba la presidencia y la caravana es exactamente el tipo de cuesti\u00f3n que puede movilizar a sus apoyadores\u201d. Ellos han afirmado que la acci\u00f3n tiene motivaci\u00f3n pol\u00edtica y que sus opositores est\u00e1n por detr\u00e1s de todo eso. Su aliado, el presidente de M\u00e9xico, Pe\u00f1a Nieto, intent\u00f3 impedirles la entrada al pa\u00eds, pero la caravana rompi\u00f3 el bloqueo.\u00a0 El gobierno mexicano ha estimulado el pedido de asilo para los que entraron en el territorio y ha buscado convencerlos de no seguir viaje.<\/p>\n<p>Adem\u00e1s de reforzar la presencia militar en la frontera, Trump amenaz\u00f3 con cortarles la ayuda a los pa\u00edses de origen de los migrantes &#8211; lo que culmin\u00f3 en la repatriaci\u00f3n por parte del gobierno hondure\u00f1o, de 3,4 mil, adem\u00e1s de una propaganda para que los ciudadanos abandonen la caravana y no se sumen a ella. Sin nada que perder, ellos perseveran.<\/p>\n<p>Es urgente rodear de solidaridad a los migrantes y a todos los refugiados, adem\u00e1s de fortalecer la organizaci\u00f3n de la clase trabajadora en todo el mundo, por el fin de las pol\u00edticas coloniales y contra toda forma de opresi\u00f3n y explotaci\u00f3n. \u00a1Ning\u00fan ser humano es ilegal!<\/p>\n","protected":false},"excerpt":{"rendered":"<p>La marcha de inmigrantes le muestra al mundo el drama de millones de personas con hambre, desempleo y miseria.<\/p>\n","protected":false},"author":5,"featured_media":51717,"menu_order":0,"comment_status":"closed","ping_status":"open","sticky":false,"template":"","format":"standard","meta":{"jetpack_post_was_ever_published":false,"_jetpack_newsletter_access":"","_jetpack_dont_email_post_to_subs":false,"_jetpack_newsletter_tier_id":0,"_jetpack_memberships_contains_paywalled_content":false,"litci_post_political_author":"","_jetpack_memberships_contains_paid_content":false,"footnotes":""},"categories":[12299],"tags":[2860,5426,7070],"class_list":["post-51716","post","type-post","status-publish","format-standard","has-post-thumbnail","hentry","category-inmigrantes","tag-inmigrantes","tag-refugiados","tag-soraya-misleh"],"jetpack_featured_media_url":"https:\/\/i0.wp.com\/litci.org\/es\/wp-content\/uploads\/2018\/11\/comienza_a_llegar_caravana_de_migrantes_a_la_cdmx.jpeg_1834093470.jpeg?fit=1430%2C800&ssl=1","fimg_url":"https:\/\/i0.wp.com\/litci.org\/es\/wp-content\/uploads\/2018\/11\/comienza_a_llegar_caravana_de_migrantes_a_la_cdmx.jpeg_1834093470.jpeg?fit=1430%2C800&ssl=1","categories_names":["Inmigrantes"],"author_info":{"name":"Kely","pic":"https:\/\/secure.gravatar.com\/avatar\/19003bf6219614b90207b39bd4a2733ce9cf96693efdfd639b15a829beed53d1?s=96&d=mm&r=g"},"political_author":null,"tagline":"","jetpack_sharing_enabled":true,"_links":{"self":[{"href":"https:\/\/litci.org\/es\/wp-json\/wp\/v2\/posts\/51716","targetHints":{"allow":["GET"]}}],"collection":[{"href":"https:\/\/litci.org\/es\/wp-json\/wp\/v2\/posts"}],"about":[{"href":"https:\/\/litci.org\/es\/wp-json\/wp\/v2\/types\/post"}],"author":[{"embeddable":true,"href":"https:\/\/litci.org\/es\/wp-json\/wp\/v2\/users\/5"}],"replies":[{"embeddable":true,"href":"https:\/\/litci.org\/es\/wp-json\/wp\/v2\/comments?post=51716"}],"version-history":[{"count":1,"href":"https:\/\/litci.org\/es\/wp-json\/wp\/v2\/posts\/51716\/revisions"}],"predecessor-version":[{"id":51718,"href":"https:\/\/litci.org\/es\/wp-json\/wp\/v2\/posts\/51716\/revisions\/51718"}],"wp:featuredmedia":[{"embeddable":true,"href":"https:\/\/litci.org\/es\/wp-json\/wp\/v2\/media\/51717"}],"wp:attachment":[{"href":"https:\/\/litci.org\/es\/wp-json\/wp\/v2\/media?parent=51716"}],"wp:term":[{"taxonomy":"category","embeddable":true,"href":"https:\/\/litci.org\/es\/wp-json\/wp\/v2\/categories?post=51716"},{"taxonomy":"post_tag","embeddable":true,"href":"https:\/\/litci.org\/es\/wp-json\/wp\/v2\/tags?post=51716"}],"curies":[{"name":"wp","href":"https:\/\/api.w.org\/{rel}","templated":true}]}}