{"id":50381,"date":"2018-08-01T10:21:30","date_gmt":"2018-08-01T12:21:30","guid":{"rendered":"https:\/\/litci.org\/es\/?p=50381"},"modified":"2018-08-01T10:21:30","modified_gmt":"2018-08-01T12:21:30","slug":"14-anos-la-tragedia-del-ycua-bolanos-paraguay","status":"publish","type":"post","link":"https:\/\/litci.org\/es\/14-anos-la-tragedia-del-ycua-bolanos-paraguay\/","title":{"rendered":"14 a\u00f1os de la tragedia del Ycu\u00e1 Bola\u00f1os en Paraguay"},"content":{"rendered":"<p><em>A 14 a\u00f1os de resistencia de las v\u00edctimas. Hoy y siempre, nosotros no olvidamos.<\/em><!--more--><\/p>\n<div class=\"text_exposed_show\">\n<p>Se conmemora un a\u00f1o m\u00e1s del siniestro, donde la avaricia capitalista se cobr\u00f3 400 vidas y dej\u00f3 a otras cuantas con severas secuelas y marcas que no se podr\u00e1n borrar.<\/p>\n<p>En estos d\u00edas, el inescrupuloso empresario Juan P\u00edo Paiva, propietario del supermercado, pidi\u00f3 la extinci\u00f3n de su pena. Si esto se diera ser\u00eda una bofetada m\u00e1s a los sobrevivientes y a los familiares de las v\u00edctimas de aquella fat\u00eddica tragedia.<\/p>\n<p>La coordinadora de v\u00edctimas del Ykua Bola\u00f1os, a\u00f1o tras a\u00f1o, hace un acto para recordar y, por sobre todo, repudiar lo sucedido.<\/p>\n<p>Enviamos un saludo fraterno nuevamente a todas y todos los que se concentrar\u00e1n, una vez m\u00e1s, en el Barrio Trinidad de Asunci\u00f3n en un acto central este mi\u00e9rcoles 01 de agosto de 2018.<i class=\"lock img sp_UbNe9_DV5Dd sx_9819a0\"><\/i><\/p>\n<div id=\"js_3oj\" class=\"_5pbx userContent _3576\" data-ft=\"{&quot;tn&quot;:&quot;K&quot;}\">\n<div id=\"id_5b61a4bca6ced7478457351\" class=\"text_exposed_root text_exposed\">\n<p><a class=\"_58cn\" href=\"https:\/\/www.facebook.com\/hashtag\/1a?source=feed_text\" data-ft=\"{&quot;tn&quot;:&quot;*N&quot;,&quot;type&quot;:104}\" target=\"_blank\" rel=\"noopener\"><span class=\"_5afx\"><span class=\"_58cl _5afz\" aria-label=\"hashtag\">#<\/span><span class=\"_58cm\">1A<\/span><\/span><\/a><br \/>\n<a class=\"_58cn\" href=\"https:\/\/www.facebook.com\/hashtag\/niolvidoniperd%C3%B3n?source=feed_text\" data-ft=\"{&quot;tn&quot;:&quot;*N&quot;,&quot;type&quot;:104}\" target=\"_blank\" rel=\"noopener\"><span class=\"_5afx\"><span class=\"_58cl _5afz\" aria-label=\"hashtag\">#<\/span><span class=\"_58cm\">NiOlvidoNiPerd\u00f3n<\/span><\/span><\/a><br \/>\n<a class=\"_58cn\" href=\"https:\/\/www.facebook.com\/hashtag\/impunidadnuncam%C3%A1s?source=feed_text\" data-ft=\"{&quot;tn&quot;:&quot;*N&quot;,&quot;type&quot;:104}\" target=\"_blank\" rel=\"noopener\"><span class=\"_5afx\"><span class=\"_58cl _5afz\" aria-label=\"hashtag\">#<\/span><span class=\"_58cm\">ImpunidadNuncaM\u00e1s<\/span><\/span><\/a> <a class=\"_58cn\" href=\"https:\/\/www.facebook.com\/hashtag\/ykuabola%C3%B1os?source=feed_text\" data-ft=\"{&quot;tn&quot;:&quot;*N&quot;,&quot;type&quot;:104}\" target=\"_blank\" rel=\"noopener\"><span class=\"_5afx\"><span class=\"_58cl _5afz\" aria-label=\"hashtag\">#<\/span><span class=\"_58cm\">YkuaBola\u00f1os<\/span><\/span><\/a><\/p>\n<\/div>\n<\/div>\n<p>Comit\u00e9 Ejecutivo del Partido de los Trabajadores<\/p>\n<\/div>\n","protected":false},"excerpt":{"rendered":"<p>A 14 a\u00f1os de resistencia de las v\u00edctimas. Hoy y siempre, nosotros no olvidamos.<\/p>\n","protected":false},"author":5,"featured_media":50382,"menu_order":0,"comment_status":"closed","ping_status":"open","sticky":false,"template":"","format":"standard","meta":{"jetpack_post_was_ever_published":false,"_jetpack_newsletter_access":"","_jetpack_dont_email_post_to_subs":false,"_jetpack_newsletter_tier_id":0,"_jetpack_memberships_contains_paywalled_content":false,"litci_post_political_author":"","_jetpack_memberships_contains_paid_content":false,"footnotes":""},"categories":[2687],"tags":[3504,13182],"class_list":["post-50381","post","type-post","status-publish","format-standard","has-post-thumbnail","hentry","category-paraguay","tag-pt","tag-ycua-bolanos"],"jetpack_featured_media_url":"https:\/\/i0.wp.com\/litci.org\/es\/wp-content\/uploads\/2018\/08\/0005225821.jpg?fit=2240%2C1488&ssl=1","fimg_url":"https:\/\/i0.wp.com\/litci.org\/es\/wp-content\/uploads\/2018\/08\/0005225821.jpg?fit=2240%2C1488&ssl=1","categories_names":["Paraguay"],"author_info":{"name":"Kely","pic":"https:\/\/secure.gravatar.com\/avatar\/19003bf6219614b90207b39bd4a2733ce9cf96693efdfd639b15a829beed53d1?s=96&d=mm&r=g"},"political_author":null,"tagline":"","jetpack_sharing_enabled":true,"_links":{"self":[{"href":"https:\/\/litci.org\/es\/wp-json\/wp\/v2\/posts\/50381","targetHints":{"allow":["GET"]}}],"collection":[{"href":"https:\/\/litci.org\/es\/wp-json\/wp\/v2\/posts"}],"about":[{"href":"https:\/\/litci.org\/es\/wp-json\/wp\/v2\/types\/post"}],"author":[{"embeddable":true,"href":"https:\/\/litci.org\/es\/wp-json\/wp\/v2\/users\/5"}],"replies":[{"embeddable":true,"href":"https:\/\/litci.org\/es\/wp-json\/wp\/v2\/comments?post=50381"}],"version-history":[{"count":1,"href":"https:\/\/litci.org\/es\/wp-json\/wp\/v2\/posts\/50381\/revisions"}],"predecessor-version":[{"id":50383,"href":"https:\/\/litci.org\/es\/wp-json\/wp\/v2\/posts\/50381\/revisions\/50383"}],"wp:featuredmedia":[{"embeddable":true,"href":"https:\/\/litci.org\/es\/wp-json\/wp\/v2\/media\/50382"}],"wp:attachment":[{"href":"https:\/\/litci.org\/es\/wp-json\/wp\/v2\/media?parent=50381"}],"wp:term":[{"taxonomy":"category","embeddable":true,"href":"https:\/\/litci.org\/es\/wp-json\/wp\/v2\/categories?post=50381"},{"taxonomy":"post_tag","embeddable":true,"href":"https:\/\/litci.org\/es\/wp-json\/wp\/v2\/tags?post=50381"}],"curies":[{"name":"wp","href":"https:\/\/api.w.org\/{rel}","templated":true}]}}