{"id":50069,"date":"2018-07-02T11:12:35","date_gmt":"2018-07-02T13:12:35","guid":{"rendered":"https:\/\/litci.org\/es\/?p=50069"},"modified":"2018-07-02T11:12:35","modified_gmt":"2018-07-02T13:12:35","slug":"portugal-la-banca-los-trabajadores-austeridad","status":"publish","type":"post","link":"https:\/\/litci.org\/es\/portugal-la-banca-los-trabajadores-austeridad\/","title":{"rendered":"Portugal: para la banca todo, para los trabajadores austeridad"},"content":{"rendered":"<p><em>Dos informaciones recientes arrojaron a la basura el mito del fin de la austeridad en Portugal: por un lado, ni\u00f1os haciendo quimioterapia en los corredores del Hospital de S\u00e3o Jo\u00e3o, en Porto; por otro, los 17.000 millones de euros gastados para salvar a los bancos.<\/em><!--more--><\/p>\n<p>Por: Cristina Portela<\/p>\n<p>Entre 2007 y 2017, en los \u00faltimos diez a\u00f1os, el Estado portugu\u00e9s desembols\u00f3 17,1 mil millones de euros, cerca de 9% del PIB (Producto Interno Bruto), para salvar a bancos como el BPN (2008), BES (2014), Banif (2015) o, en 2017, la Caixa Geral de Dep\u00f3sitos (CGD). Las operaciones de rescate de la banca tuvieron no solo el efecto de desviar recursos del Estado que podr\u00edan ser gastados en Salud y Educaci\u00f3n, por ejemplo, sino sirvieron tambi\u00e9n para aumentar la deuda y el propio d\u00e9ficit p\u00fablicos.<\/p>\n<p>La deuda p\u00fablica de 2017 fue superior a la registrada en 2016, equivaliendo actualmente a cerca de 130% del PIB, la tercera mayor deuda entre los pa\u00edses de la Uni\u00f3n Europea (UE). El d\u00e9ficit del a\u00f1o pasado, por su parte, fue calculado en 3% por el Eurostat (gabinete de estad\u00edsticas de la UE), en lugar de los estimados 0,9%, debido al impacto provocado por el capital inyectado en la CGD.<\/p>\n<p><strong>Banca, D\u00e9ficit y Deuda<\/strong><\/p>\n<p>El resultado de todas esas cuentas para 2018 es que el ministro de Finanzas, M\u00e1rio Centeno, para compensar la subida del d\u00e9ficit de 2017 y hacer buena figura en su estreno en la presidencia del Eurogrupo, ya present\u00f3 una meta de reducci\u00f3n del d\u00e9ficit bien por debajo de la acertada anteriormente, de 1,1% para 0,7%. Eso significa que los 800 millones de euros que representan la diferencia entre estos dos porcentajes ser\u00e1n desviados para pagar la deuda p\u00fablica y el desfalco heredado de la banca, en lugar de, una vez m\u00e1s, ser utilizados para mejorar las condiciones de vida de la poblaci\u00f3n.<\/p>\n<p><strong>Nada para salarios<\/strong><\/p>\n<p>Incluso el compromiso de descongelar los salarios de la Funci\u00f3n P\u00fablica, firmado por la Geringon\u00e7a[1], est\u00e1 amenazado. En relaci\u00f3n con los profesores, el gobierno solo quiere descongelar dos a\u00f1os y diez meses en lugar de los m\u00e1s de nueve a\u00f1os en que quedaron sin cualquier reajuste de acuerdo con la inflaci\u00f3n; y, segundo, el Programa de Estabilidad presentado por el ministro de las Finanzas, actualizaciones salariales para los empleados p\u00fablicos, solo en 2020.<\/p>\n<p>\u201cEs desalentador para m\u00ed imaginar que hasta 2056 tenemos un Presupuesto del Estado que cumple un \u00fanico objetivo que es el servicio de la deuda\u201d, lament\u00f3, en entrevista al <em>Di\u00e1rio de Not\u00edcias<\/em>, el economista Jo\u00e3o Duque, profesor del Instituto Superior de Econom\u00eda y Gesti\u00f3n (ISEG).<\/p>\n<p><strong>La Geringon\u00e7a no acaba con la pobreza<\/strong><\/p>\n<p>Estos datos demostraron el desinter\u00e9s del gobierno en acabar de hecho con la austeridad y su preocupaci\u00f3n en cumplir \u2013y hasta superar\u2013 las metas acordadas con la UE y servir al gran capital. Para atr\u00e1s quedan situaciones dif\u00edciles como las vividas en las \u00e1reas de la Salud y de la Educaci\u00f3n; y tambi\u00e9n aquella que deber\u00eda ser la principal meta de cualquier gobierno comprometido con la vida de las personas, o sea, la de alterar el destino probable de los 2,5 millones de portugueses (25,1% de la poblaci\u00f3n) en riesgo de pobreza o exclusi\u00f3n social. De ese total, seg\u00fan datos del Instituto Nacional de Estad\u00edstica (INE) para 2016, casi la mitad eran menores de 18 a\u00f1os o ten\u00edan m\u00e1s de 65 a\u00f1os.<\/p>\n<p>Muchos de esos portugueses est\u00e1n en alguna de las siguientes situaciones: son parte del 8,9% de la poblaci\u00f3n que est\u00e1 desempleada; son uno de los 800.000 que sobreviven con el salario m\u00ednimo de 580 euros mensuales; o, en el caso de los m\u00e1s viejos, est\u00e1n viviendo con una reforma de 400 a 500 euros o una pensi\u00f3n de 270 euros.<\/p>\n<p>El salario m\u00ednimo portugu\u00e9s ocup\u00f3, el a\u00f1o pasado, el 11\u00b0 lugar entre los 22 pa\u00edses de la UE que poseen una remuneraci\u00f3n m\u00ednima fija. Muy inferior al de pa\u00edses como Francia (1.480 euros) o incluso Espa\u00f1a (826 euros).<\/p>\n<p><strong>Menos 51,3 millones para el SNS<\/strong><\/p>\n<p>La situaci\u00f3n vivida por los ni\u00f1os que hacen tratamiento de quimioterapia en el Hospital de S\u00e3o Jo\u00e3o, en Porto, que son atendidos en los corredores, es un poco el retrato de la salud de la Geringon\u00e7a. Para complicar a\u00fan m\u00e1s las cosas, el presupuesto de 2018 todav\u00eda quita 51,3 millones de los recursos destinados al Servicio Nacional de Salud (SNS) en comparaci\u00f3n con los valores de 2017. \u201cLos gobernantes decidieron que la salud de los portugueses vale 5,2% del PIB y en t\u00e9rminos del SNS vale apenas 4,8% del PIB, cuando la media de los pa\u00edses valoriza la salud en cerca de 6,5% del PIB\u201d, dijo al Foro TSF el bastonero[2] de la Orden de los M\u00e9dicos, Miguel Guimar\u00e3es.<\/p>\n<p>En el mismo programa radiof\u00f3nico, Ana Rita Cavaco, bastonera de la Orden de Enfermeros, denunci\u00f3 la falta de 30.000 enfermeros. \u201cPero para los bancos siempre hay dinero\u201d, dijo. Tampoco falta dinero para las participaciones p\u00fablico-privadas (PPPs). Del monto destinado a la salud en 2018, 55,3% est\u00e1 reservado al pago de medicamentos, medios diagn\u00f3sticos y encargos con las PPPs.<\/p>\n<p>La sub-financiaci\u00f3n del SNS denunciado por las entidades del sector se revela tremendamente eficaz para la privatizaci\u00f3n de la salud. Seg\u00fan el INE, los hospitales privados ganan importancia en los servicios de urgencia. En 2016, los hospitales privados fueron responsables por 34% del total de consultas, m\u00e1s 484.000 de cara al a\u00f1o anterior.<\/p>\n<p>Al contrario de lo que el PS y los partidos que sostienen al gobierno en el parlamento \u2013Bloque de Izquierda y Partido Comunista\u2013 buscan pasar, la austeridad se mantiene y sus efectos est\u00e1n muy lejos de acabar.<\/p>\n<p>[1] Se denomina Geringon\u00e7a a la coalici\u00f3n de partidos de izquierda que dan mayor\u00eda parlamentaria al gobierno y le permite implementar los planes de austeridad de la Uni\u00f3n Europea. Literalmente, geringon\u00e7a significa que es malhecho, que tiene una estructura fr\u00e1gil y un funcionamiento precario, <em>ndt<\/em>.<\/p>\n<p>[2] T\u00edtulo del presidente de una orden profesional, <em>ndt<\/em>.<\/p>\n<p>Traducci\u00f3n: Natalia Estrada.<\/p>\n<p>&nbsp;<\/p>\n","protected":false},"excerpt":{"rendered":"<p>Dos informaciones recientes arrojaron a la basura el mito del fin de la austeridad en Portugal: por un lado, ni\u00f1os haciendo quimioterapia en los corredores del Hospital de S\u00e3o Jo\u00e3o, en Porto; por otro, los 17.000 millones de euros gastados para salvar a los bancos.<\/p>\n","protected":false},"author":4,"featured_media":50071,"menu_order":0,"comment_status":"closed","ping_status":"open","sticky":false,"template":"","format":"standard","meta":{"jetpack_post_was_ever_published":false,"_jetpack_newsletter_access":"","_jetpack_dont_email_post_to_subs":false,"_jetpack_newsletter_tier_id":0,"_jetpack_memberships_contains_paywalled_content":false,"litci_post_political_author":"","_jetpack_memberships_contains_paid_content":false,"footnotes":""},"categories":[2702,11523],"tags":[3909,13021,11268,13018,13019,13020],"class_list":["post-50069","post","type-post","status-publish","format-standard","has-post-thumbnail","hentry","category-portugal","category-em-luta","tag-austeridad","tag-banca-y-capitalismo-imperialista","tag-cristina-portela","tag-gerigonca","tag-partidos-de-izquierda-en-portugal","tag-salud-y-educacion-portugal"],"jetpack_featured_media_url":"https:\/\/i0.wp.com\/litci.org\/es\/wp-content\/uploads\/2018\/06\/centeno.jpg?fit=1800%2C1201&ssl=1","fimg_url":"https:\/\/i0.wp.com\/litci.org\/es\/wp-content\/uploads\/2018\/06\/centeno.jpg?fit=1800%2C1201&ssl=1","categories_names":["EM LUTA","Portugal"],"author_info":{"name":"Administraci\u00f3n Site","pic":"https:\/\/secure.gravatar.com\/avatar\/1fc4a65db396208ca881747f59a66a20c6b8670747457224753e1e98c43f719b?s=96&d=mm&r=g"},"political_author":null,"tagline":"","jetpack_sharing_enabled":true,"_links":{"self":[{"href":"https:\/\/litci.org\/es\/wp-json\/wp\/v2\/posts\/50069","targetHints":{"allow":["GET"]}}],"collection":[{"href":"https:\/\/litci.org\/es\/wp-json\/wp\/v2\/posts"}],"about":[{"href":"https:\/\/litci.org\/es\/wp-json\/wp\/v2\/types\/post"}],"author":[{"embeddable":true,"href":"https:\/\/litci.org\/es\/wp-json\/wp\/v2\/users\/4"}],"replies":[{"embeddable":true,"href":"https:\/\/litci.org\/es\/wp-json\/wp\/v2\/comments?post=50069"}],"version-history":[{"count":2,"href":"https:\/\/litci.org\/es\/wp-json\/wp\/v2\/posts\/50069\/revisions"}],"predecessor-version":[{"id":50117,"href":"https:\/\/litci.org\/es\/wp-json\/wp\/v2\/posts\/50069\/revisions\/50117"}],"wp:featuredmedia":[{"embeddable":true,"href":"https:\/\/litci.org\/es\/wp-json\/wp\/v2\/media\/50071"}],"wp:attachment":[{"href":"https:\/\/litci.org\/es\/wp-json\/wp\/v2\/media?parent=50069"}],"wp:term":[{"taxonomy":"category","embeddable":true,"href":"https:\/\/litci.org\/es\/wp-json\/wp\/v2\/categories?post=50069"},{"taxonomy":"post_tag","embeddable":true,"href":"https:\/\/litci.org\/es\/wp-json\/wp\/v2\/tags?post=50069"}],"curies":[{"name":"wp","href":"https:\/\/api.w.org\/{rel}","templated":true}]}}