{"id":50045,"date":"2018-06-28T12:35:04","date_gmt":"2018-06-28T14:35:04","guid":{"rendered":"https:\/\/litci.org\/es\/?p=50045"},"modified":"2018-06-28T12:35:04","modified_gmt":"2018-06-28T14:35:04","slug":"despues-estados-unidos-hungria-aprueba-leyes-inmigrantes","status":"publish","type":"post","link":"https:\/\/litci.org\/es\/despues-estados-unidos-hungria-aprueba-leyes-inmigrantes\/","title":{"rendered":"Despu\u00e9s de Estados Unidos, Hungr\u00eda aprueba leyes contra inmigrantes"},"content":{"rendered":"<p><em>El gobierno de Hungr\u00eda aprob\u00f3 el mi\u00e9rcoles 20 de junio un paquete de leyes para criminalizar a aquellos que presten cualquier tipo de auxilio para personas que entren al pa\u00eds\u00a0<\/em><em>sin documentos legales.<\/em><!--more--><\/p>\n<p>Por: Romerito Pontes<\/p>\n<p>El objetivo del paquete es restringir la acci\u00f3n de movimientos y organizaciones no gubernamentales (ONGs) dedicadas a la cuesti\u00f3n de los inmigrantes. El paquete de leyes fue apodado STOPSoros, en referencia al millonario y famoso inversor George Soros, que es de origen h\u00fangaro y que financia algunas de esas ONGs.<\/p>\n<p>El paquete \u2013que prev\u00e9 hasta prisi\u00f3n para quien fuese agarrado prestando ayuda a los inmigrantes\u2013 fue aprobado por amplia mayor\u00eda en el parlamento h\u00fangaro justamente el D\u00eda Mundial del Refugiado. La aprobaci\u00f3n ocurri\u00f3 tambi\u00e9n en la misma semana en que sali\u00f3 a la luz la pol\u00e9mica pol\u00edtica de tolerancia cero de Donald Trump, que est\u00e1 separando a ni\u00f1os inmigrantes de sus padres y encerr\u00e1ndolos en jaulas.<\/p>\n<p>El primer ministro h\u00fangaro, Viktor Orb\u00e1n, es uno de los grandes incentivadores del paquete, ya que el combate a la inmigraci\u00f3n es una de sus principales banderas y que se coloca como \u201cdefensor de la civilizaci\u00f3n cristiana\u201d. Orb\u00e1n es miembro de la Uni\u00f3n C\u00edvica H\u00fangara (Fidesz), un partido populista de derecha y conservador que entra en el equipo de la derecha nacionalista europea junto con el Frente Nacional (Francia), el Partido de la Libertad (Holanda), o Alternativa para Alemania y el Partido Popular Suizo, entre otros.<\/p>\n<p>La medida alcanza principalmente a los inmigrantes oriundos de pa\u00edses no cristianos. Especialmente a los \u00e1rabes, luego de la onda de migraci\u00f3n de sirios e iraqu\u00edes en 2015. El pa\u00eds intent\u00f3 hacer un referendo para decidir si aceptar\u00eda o no la distribuci\u00f3n de los refugiados \u2013por cuotas\u2013 entre los pa\u00edses miembros de la Uni\u00f3n Europa, pero no tuvo qu\u00f3rum suficiente.<\/p>\n<p>Otro aspecto relevante del paquete es que restringe especialmente a los inmigrantes m\u00e1s pobres, ya que se refiere al auxilio de aquellos que \u201cno tienen condiciones para mantenerse\u201d.<\/p>\n<p>Hungr\u00eda tiene hoy cerca de diez millones de habitantes y, seg\u00fan los datos oficiales, abriga a cerca de 3.600 refugiados. Un n\u00famero relativamente bajo, pero suficiente para que el gobierno populista conservador explote pol\u00edtica y electoralmente el hecho.<\/p>\n<p>Traducci\u00f3n: Natalia Estrada.<\/p>\n","protected":false},"excerpt":{"rendered":"<p>El gobierno de Hungr\u00eda aprob\u00f3 el mi\u00e9rcoles 20 de junio un paquete de leyes para criminalizar a aquellos que presten cualquier tipo de auxilio para personas que entren al pa\u00eds\u00a0sin documentos legales.<\/p>\n","protected":false},"author":4,"featured_media":50046,"menu_order":0,"comment_status":"closed","ping_status":"open","sticky":false,"template":"","format":"standard","meta":{"jetpack_post_was_ever_published":false,"_jetpack_newsletter_access":"","_jetpack_dont_email_post_to_subs":false,"_jetpack_newsletter_tier_id":0,"_jetpack_memberships_contains_paywalled_content":false,"litci_post_political_author":"","_jetpack_memberships_contains_paid_content":false,"footnotes":""},"categories":[12299,13026,2653],"tags":[13010,9249,2860,13009,5426],"class_list":["post-50045","post","type-post","status-publish","format-standard","has-post-thumbnail","hentry","category-inmigrantes","category-hungria","category-pstu-brasil","tag-gobierno-orban-conservador-y-de-derecha","tag-hungria","tag-inmigrantes","tag-leyes-contra-la-inmigracion","tag-refugiados"],"jetpack_featured_media_url":"https:\/\/i0.wp.com\/litci.org\/es\/wp-content\/uploads\/2018\/06\/ViktorOrban-Hungria.jpg?fit=696%2C418&ssl=1","fimg_url":"https:\/\/i0.wp.com\/litci.org\/es\/wp-content\/uploads\/2018\/06\/ViktorOrban-Hungria.jpg?fit=696%2C418&ssl=1","categories_names":["Hungr\u00eda","Inmigrantes","PSTU - Brasil"],"author_info":{"name":"Administraci\u00f3n Site","pic":"https:\/\/secure.gravatar.com\/avatar\/1fc4a65db396208ca881747f59a66a20c6b8670747457224753e1e98c43f719b?s=96&d=mm&r=g"},"political_author":null,"tagline":"","jetpack_sharing_enabled":true,"_links":{"self":[{"href":"https:\/\/litci.org\/es\/wp-json\/wp\/v2\/posts\/50045","targetHints":{"allow":["GET"]}}],"collection":[{"href":"https:\/\/litci.org\/es\/wp-json\/wp\/v2\/posts"}],"about":[{"href":"https:\/\/litci.org\/es\/wp-json\/wp\/v2\/types\/post"}],"author":[{"embeddable":true,"href":"https:\/\/litci.org\/es\/wp-json\/wp\/v2\/users\/4"}],"replies":[{"embeddable":true,"href":"https:\/\/litci.org\/es\/wp-json\/wp\/v2\/comments?post=50045"}],"version-history":[{"count":2,"href":"https:\/\/litci.org\/es\/wp-json\/wp\/v2\/posts\/50045\/revisions"}],"predecessor-version":[{"id":50081,"href":"https:\/\/litci.org\/es\/wp-json\/wp\/v2\/posts\/50045\/revisions\/50081"}],"wp:featuredmedia":[{"embeddable":true,"href":"https:\/\/litci.org\/es\/wp-json\/wp\/v2\/media\/50046"}],"wp:attachment":[{"href":"https:\/\/litci.org\/es\/wp-json\/wp\/v2\/media?parent=50045"}],"wp:term":[{"taxonomy":"category","embeddable":true,"href":"https:\/\/litci.org\/es\/wp-json\/wp\/v2\/categories?post=50045"},{"taxonomy":"post_tag","embeddable":true,"href":"https:\/\/litci.org\/es\/wp-json\/wp\/v2\/tags?post=50045"}],"curies":[{"name":"wp","href":"https:\/\/api.w.org\/{rel}","templated":true}]}}