{"id":49162,"date":"2018-04-24T14:15:28","date_gmt":"2018-04-24T16:15:28","guid":{"rendered":"https:\/\/litci.org\/es\/?p=49162"},"modified":"2018-04-24T14:15:28","modified_gmt":"2018-04-24T16:15:28","slug":"palestina-aumenta-39-numero-muertos","status":"publish","type":"post","link":"https:\/\/litci.org\/es\/palestina-aumenta-39-numero-muertos\/","title":{"rendered":"Palestina: aumenta a 39 el n\u00famero de muertos"},"content":{"rendered":"<p><em>Soldados israel\u00edes asesinaron otros 4 manifestantes e hirieron 700 el pasado viernes durante nuevas protestas que reunieron 10.000 palestinos en la Franja de Gaza.<\/em><!--more--><\/p>\n<p>Por Fabio Bosco<\/p>\n<p>Las protestas semanales comenzaron el 30 de marzo, fecha que los palestinos denominan D\u00eda de la Tierra<\/p>\n<p>Ya son 39 muertos y 4.000 heridos desde entonces.<\/p>\n<p>Adem\u00e1s del fin del bloqueo a Gaza, los palestinos exigen sus derechos hist\u00f3ricos de retorno y autodeterminaci\u00f3n.<\/p>\n","protected":false},"excerpt":{"rendered":"<p>Soldados israel\u00edes asesinaron otros 4 manifestantes e hirieron 700 el pasado viernes durante nuevas protestas que reunieron 10.000 palestinos en la Franja de Gaza.<\/p>\n","protected":false},"author":5,"featured_media":49163,"menu_order":0,"comment_status":"closed","ping_status":"open","sticky":false,"template":"","format":"standard","meta":{"jetpack_post_was_ever_published":false,"_jetpack_newsletter_access":"","_jetpack_dont_email_post_to_subs":false,"_jetpack_newsletter_tier_id":0,"_jetpack_memberships_contains_paywalled_content":false,"litci_post_political_author":"","_jetpack_memberships_contains_paid_content":false,"footnotes":""},"categories":[2713],"tags":[12508,8756,3099],"class_list":["post-49162","post","type-post","status-publish","format-standard","has-post-thumbnail","hentry","category-palestina","tag-estado-sionista","tag-fabio-bosco","tag-palestina-2"],"jetpack_featured_media_url":"https:\/\/i0.wp.com\/litci.org\/es\/wp-content\/uploads\/2018\/04\/download-1.jpg?fit=1900%2C1069&ssl=1","fimg_url":"https:\/\/i0.wp.com\/litci.org\/es\/wp-content\/uploads\/2018\/04\/download-1.jpg?fit=1900%2C1069&ssl=1","categories_names":["Palestina"],"author_info":{"name":"Kely","pic":"https:\/\/secure.gravatar.com\/avatar\/19003bf6219614b90207b39bd4a2733ce9cf96693efdfd639b15a829beed53d1?s=96&d=mm&r=g"},"political_author":null,"tagline":"","jetpack_sharing_enabled":true,"_links":{"self":[{"href":"https:\/\/litci.org\/es\/wp-json\/wp\/v2\/posts\/49162","targetHints":{"allow":["GET"]}}],"collection":[{"href":"https:\/\/litci.org\/es\/wp-json\/wp\/v2\/posts"}],"about":[{"href":"https:\/\/litci.org\/es\/wp-json\/wp\/v2\/types\/post"}],"author":[{"embeddable":true,"href":"https:\/\/litci.org\/es\/wp-json\/wp\/v2\/users\/5"}],"replies":[{"embeddable":true,"href":"https:\/\/litci.org\/es\/wp-json\/wp\/v2\/comments?post=49162"}],"version-history":[{"count":1,"href":"https:\/\/litci.org\/es\/wp-json\/wp\/v2\/posts\/49162\/revisions"}],"predecessor-version":[{"id":49164,"href":"https:\/\/litci.org\/es\/wp-json\/wp\/v2\/posts\/49162\/revisions\/49164"}],"wp:featuredmedia":[{"embeddable":true,"href":"https:\/\/litci.org\/es\/wp-json\/wp\/v2\/media\/49163"}],"wp:attachment":[{"href":"https:\/\/litci.org\/es\/wp-json\/wp\/v2\/media?parent=49162"}],"wp:term":[{"taxonomy":"category","embeddable":true,"href":"https:\/\/litci.org\/es\/wp-json\/wp\/v2\/categories?post=49162"},{"taxonomy":"post_tag","embeddable":true,"href":"https:\/\/litci.org\/es\/wp-json\/wp\/v2\/tags?post=49162"}],"curies":[{"name":"wp","href":"https:\/\/api.w.org\/{rel}","templated":true}]}}