{"id":47503,"date":"2017-12-04T11:19:15","date_gmt":"2017-12-04T13:19:15","guid":{"rendered":"https:\/\/litci.org\/es\/?p=47503"},"modified":"2017-12-04T11:24:28","modified_gmt":"2017-12-04T13:24:28","slug":"se-pre-estrena-madrid-documental-pan-paz-tierra-1917-2017","status":"publish","type":"post","link":"https:\/\/litci.org\/es\/se-pre-estrena-madrid-documental-pan-paz-tierra-1917-2017\/","title":{"rendered":"Se pre-estrena en Madrid el documental \u201cPan, Paz y Tierra. 1917-2017\u201d"},"content":{"rendered":"<p>Tras el pre-estreno del documental \u201c1917-2017 Pan, Paz y Tierra\u201d en varios pa\u00edses del mundo (Argentina, Brasil, Paraguay, Per\u00fa, Portugal) y en el Estado Espa\u00f1ol en Andaluc\u00eda, Cantabria y Catalu\u00f1a, tuvo lugar el viernes 1 de diciembre en Madrid la presentaci\u00f3n de dicho documental.<!--more--><\/p>\n<p>En una tarde donde el enorme fr\u00edo invitaba a quedarse en casa, unas \u00a0aproximadamente 120 personas se acercaron hasta el I.E.S. Lope de Vega, situado en el madrile\u00f1o barrio de Malasa\u00f1a, para asistir a la proyecci\u00f3n de dicho documental. Compa\u00f1eras y compa\u00f1eros de Corriente Roja, del sindicato Comisiones de Base (Co.bas), de otras organizaciones pol\u00edticas y algunos familiares y amig@s, tuvieron la oportunidad de compartir y emocionarse con los diferentes testimonios de l@s activistas obreros, campesinos y populares que participan en dicho documental y que desde sus diferentes lugares de lucha nos explican que signific\u00f3 para ellos la Revoluci\u00f3n Rusa y que ense\u00f1anzas podemos sacar cien a\u00f1os despu\u00e9s l@s luchador@s y activistas actuales.<\/p>\n<p>El acto dio comienzo pasadas las 19:00 horas, donde l@s tres compa\u00f1er@s que subieron al escenario, hicieron una breve presentaci\u00f3n y agradecieron enormemente a l@s asistentes su presencia. Posteriormente dieron paso a \u00c1ngel Luis Parras, uno de los protagonistas del documental, para que explicara las principales razones que empujaron a\u00a0 poner en marcha este proyecto y quienes han sido las personas que han trabajado de manera denodada y pusieron muchas horas de su tiempo y recursos econ\u00f3micos al servicio del mismo.<\/p>\n<p>Aproximadamente sobre la 21:00 horas se dio por concluido el Acto con un cerrado aplauso y varios gritos en la sala: \u00a1\u00a1Viva la lucha de la clase obrera!! A la salida, varios compa\u00f1eros ofrecieron a los asistentes al Acto, el libro que se ha editado con el mismo nombre de la pel\u00edcula. Un libro en el que est\u00e1n reproducidas, \u00edntegramente, las entrevistas realizadas a los protagonistas ya que en el documental solo aparecen parte de las mismas.<\/p>\n<p>La buena acogida y las buenas sensaciones que entre l@s asistentes dej\u00f3 el documental, permite ahora seguir difundi\u00e9ndolo en pueblos, barrios, universidades y centros de estudio.o.<\/p>\n","protected":false},"excerpt":{"rendered":"<p>Tras el pre-estreno del documental \u201c1917-2017 Pan, Paz y Tierra\u201d en varios pa\u00edses del mundo (Argentina, Brasil, Paraguay, Per\u00fa, Portugal) y en el Estado Espa\u00f1ol en Andaluc\u00eda, Cantabria y Catalu\u00f1a, tuvo lugar el viernes 1 de diciembre en Madrid la presentaci\u00f3n de dicho documental.<\/p>\n","protected":false},"author":4,"featured_media":47504,"menu_order":0,"comment_status":"closed","ping_status":"open","sticky":false,"template":"","format":"standard","meta":{"jetpack_post_was_ever_published":false,"_jetpack_newsletter_access":"","_jetpack_dont_email_post_to_subs":false,"_jetpack_newsletter_tier_id":0,"_jetpack_memberships_contains_paywalled_content":false,"litci_post_political_author":"","_jetpack_memberships_contains_paid_content":false,"footnotes":""},"categories":[9264,2697],"tags":[11770,11771],"class_list":["post-47503","post","type-post","status-publish","format-standard","has-post-thumbnail","hentry","category-especial-revolucion-rusa","category-estado-espanol","tag-documental-revolucion-rusa-100-anos","tag-pan-paz-y-tierra-en-madrid"],"jetpack_featured_media_url":"https:\/\/i0.wp.com\/litci.org\/es\/wp-content\/uploads\/2017\/12\/pan-paz-en-Madrid.jpg?fit=750%2C350&ssl=1","fimg_url":"https:\/\/i0.wp.com\/litci.org\/es\/wp-content\/uploads\/2017\/12\/pan-paz-en-Madrid.jpg?fit=750%2C350&ssl=1","categories_names":["Especial Revoluci\u00f3n Rusa","Estado Espa\u00f1ol"],"author_info":{"name":"Administraci\u00f3n Site","pic":"https:\/\/secure.gravatar.com\/avatar\/1fc4a65db396208ca881747f59a66a20c6b8670747457224753e1e98c43f719b?s=96&d=mm&r=g"},"political_author":null,"tagline":"","jetpack_sharing_enabled":true,"_links":{"self":[{"href":"https:\/\/litci.org\/es\/wp-json\/wp\/v2\/posts\/47503","targetHints":{"allow":["GET"]}}],"collection":[{"href":"https:\/\/litci.org\/es\/wp-json\/wp\/v2\/posts"}],"about":[{"href":"https:\/\/litci.org\/es\/wp-json\/wp\/v2\/types\/post"}],"author":[{"embeddable":true,"href":"https:\/\/litci.org\/es\/wp-json\/wp\/v2\/users\/4"}],"replies":[{"embeddable":true,"href":"https:\/\/litci.org\/es\/wp-json\/wp\/v2\/comments?post=47503"}],"version-history":[{"count":3,"href":"https:\/\/litci.org\/es\/wp-json\/wp\/v2\/posts\/47503\/revisions"}],"predecessor-version":[{"id":47508,"href":"https:\/\/litci.org\/es\/wp-json\/wp\/v2\/posts\/47503\/revisions\/47508"}],"wp:featuredmedia":[{"embeddable":true,"href":"https:\/\/litci.org\/es\/wp-json\/wp\/v2\/media\/47504"}],"wp:attachment":[{"href":"https:\/\/litci.org\/es\/wp-json\/wp\/v2\/media?parent=47503"}],"wp:term":[{"taxonomy":"category","embeddable":true,"href":"https:\/\/litci.org\/es\/wp-json\/wp\/v2\/categories?post=47503"},{"taxonomy":"post_tag","embeddable":true,"href":"https:\/\/litci.org\/es\/wp-json\/wp\/v2\/tags?post=47503"}],"curies":[{"name":"wp","href":"https:\/\/api.w.org\/{rel}","templated":true}]}}