{"id":47333,"date":"2017-11-27T08:47:36","date_gmt":"2017-11-27T10:47:36","guid":{"rendered":"https:\/\/litci.org\/es\/?p=47333"},"modified":"2017-11-27T08:47:36","modified_gmt":"2017-11-27T10:47:36","slug":"pan-paz-tierra-sera-estrenado-belgica","status":"publish","type":"post","link":"https:\/\/litci.org\/es\/pan-paz-tierra-sera-estrenado-belgica\/","title":{"rendered":"Pan, Paz y Tierra ser\u00e1 estrenado en B\u00e9lgica"},"content":{"rendered":"<p><em>La Liga Comunista de los Trabajadores de B\u00e9lgica, presentar\u00e1 el documental <\/em>Paz, Pan y Tierra<em> en Bruselas, el s\u00e1bado 9 de diciembre. Vea la invitaci\u00f3n y el tr\u00e1iler en franc\u00e9s:<\/em><\/p>\n<p>https:\/\/www.facebook.com\/notes\/ligue-communiste-des-travailleurs-communistische-werkersbond\/projection-du-documentaire-pain-paix-et-terre\/1650142028394271\/<\/p>\n<p>&nbsp;<\/p>\n<p><iframe loading=\"lazy\" title=\"Pain, paix et terre\" width=\"500\" height=\"281\" src=\"https:\/\/www.youtube.com\/embed\/yNFYAXHhq24?feature=oembed\" frameborder=\"0\" allow=\"accelerometer; autoplay; clipboard-write; encrypted-media; gyroscope; picture-in-picture; web-share\" referrerpolicy=\"strict-origin-when-cross-origin\" allowfullscreen><\/iframe><\/p>\n<p>&nbsp;<\/p>\n","protected":false},"excerpt":{"rendered":"<p>La Liga Comunista de los Trabajadores de B\u00e9lgica, presentar\u00e1 el documental Paz, Pan y Tierra en Bruselas, el s\u00e1bado 9 de diciembre. Vea la invitaci\u00f3n y el tr\u00e1iler en franc\u00e9s: https:\/\/www.facebook.com\/notes\/ligue-communiste-des-travailleurs-communistische-werkersbond\/projection-du-documentaire-pain-paix-et-terre\/1650142028394271\/ &nbsp; &nbsp;<\/p>\n","protected":false},"author":5,"featured_media":47334,"menu_order":0,"comment_status":"closed","ping_status":"open","sticky":false,"template":"","format":"standard","meta":{"jetpack_post_was_ever_published":false,"_jetpack_newsletter_access":"","_jetpack_dont_email_post_to_subs":false,"_jetpack_newsletter_tier_id":0,"_jetpack_memberships_contains_paywalled_content":false,"litci_post_political_author":"","_jetpack_memberships_contains_paid_content":false,"footnotes":""},"categories":[9264],"tags":[11736],"class_list":["post-47333","post","type-post","status-publish","format-standard","has-post-thumbnail","hentry","category-especial-revolucion-rusa","tag-pain-paix-et-terre"],"jetpack_featured_media_url":"https:\/\/i0.wp.com\/litci.org\/es\/wp-content\/uploads\/2017\/11\/23722529_1650149418393532_3139020890864403083_n.png?fit=960%2C355&ssl=1","fimg_url":"https:\/\/i0.wp.com\/litci.org\/es\/wp-content\/uploads\/2017\/11\/23722529_1650149418393532_3139020890864403083_n.png?fit=960%2C355&ssl=1","categories_names":["Especial Revoluci\u00f3n Rusa"],"author_info":{"name":"Kely","pic":"https:\/\/secure.gravatar.com\/avatar\/19003bf6219614b90207b39bd4a2733ce9cf96693efdfd639b15a829beed53d1?s=96&d=mm&r=g"},"political_author":null,"tagline":"","jetpack_sharing_enabled":true,"_links":{"self":[{"href":"https:\/\/litci.org\/es\/wp-json\/wp\/v2\/posts\/47333","targetHints":{"allow":["GET"]}}],"collection":[{"href":"https:\/\/litci.org\/es\/wp-json\/wp\/v2\/posts"}],"about":[{"href":"https:\/\/litci.org\/es\/wp-json\/wp\/v2\/types\/post"}],"author":[{"embeddable":true,"href":"https:\/\/litci.org\/es\/wp-json\/wp\/v2\/users\/5"}],"replies":[{"embeddable":true,"href":"https:\/\/litci.org\/es\/wp-json\/wp\/v2\/comments?post=47333"}],"version-history":[{"count":1,"href":"https:\/\/litci.org\/es\/wp-json\/wp\/v2\/posts\/47333\/revisions"}],"predecessor-version":[{"id":47335,"href":"https:\/\/litci.org\/es\/wp-json\/wp\/v2\/posts\/47333\/revisions\/47335"}],"wp:featuredmedia":[{"embeddable":true,"href":"https:\/\/litci.org\/es\/wp-json\/wp\/v2\/media\/47334"}],"wp:attachment":[{"href":"https:\/\/litci.org\/es\/wp-json\/wp\/v2\/media?parent=47333"}],"wp:term":[{"taxonomy":"category","embeddable":true,"href":"https:\/\/litci.org\/es\/wp-json\/wp\/v2\/categories?post=47333"},{"taxonomy":"post_tag","embeddable":true,"href":"https:\/\/litci.org\/es\/wp-json\/wp\/v2\/tags?post=47333"}],"curies":[{"name":"wp","href":"https:\/\/api.w.org\/{rel}","templated":true}]}}