{"id":46938,"date":"2017-10-30T09:55:14","date_gmt":"2017-10-30T11:55:14","guid":{"rendered":"https:\/\/litci.org\/es\/?p=46938"},"modified":"2017-10-30T09:55:14","modified_gmt":"2017-10-30T11:55:14","slug":"marx-joven-militante","status":"publish","type":"post","link":"https:\/\/litci.org\/es\/marx-joven-militante\/","title":{"rendered":"Un Marx joven\u2026 y militante"},"content":{"rendered":"<p><em>Despu\u00e9s de varios meses de espera, pude ver el filme \u201cEl joven Marx\u201d, del director haitiano (radicado en Francia) Raoul Peck. No fue f\u00e1cil. Su estreno en salas cinematogr\u00e1ficas del Brasil estaba anunciado para junio pasado pero no se produjo (por razones que desconozco). Tampoco se comercializaba en DVD y, en youtube, la mano no tan invisible del capitalismo hab\u00eda bloqueado todas las posibilidades de verlo, por los famosos \u201cderechos de exhibici\u00f3n\u201d.<\/em><!--more--><\/p>\n<p>Por: Alejandro Iturbe<\/p>\n<p>Finalmente, luego de \u201cun pedido internacional de auxilio\u201d, una joven camarada brasile\u00f1a radicada en Portugal (a quien agradezco) me envi\u00f3 una direcci\u00f3n de Facebook que me permiti\u00f3 ver el filme. De entrada, afirmo que la espera y la b\u00fasqueda valieron la pena.<\/p>\n<p>El filme aborda la vida de Marx entre 1843 y 1848 (es decir, entre sus 24 y 30 a\u00f1os de edad). Comienza con el cierre de la Gaceta del Rin (en la que Marx colaboraba como redactor) y el traslado de Marx a Par\u00eds. All\u00ed, por un lado, conoce personalmente e inicia una relaci\u00f3n y una colaboraci\u00f3n con el dirigente y te\u00f3rico anarquista Pierre-Joseph Proudhon y sus seguidores. Por el otro, como parte fundamental de la historia y del propio filme, se encuentra con Friedrich Engels (otro joven alem\u00e1n, radicado en Inglaterra) y as\u00ed nace una relaci\u00f3n de amistad y de elaboraci\u00f3n te\u00f3rico-pol\u00edtica y militancia com\u00fan que dura hasta la muerte de Marx (1883).<\/p>\n<p>La pel\u00edcula contin\u00faa con su ingreso, en Londres, a la Liga de los Justos (organizaci\u00f3n fundada en la d\u00e9cada anterior por los \u201csocialistas ut\u00f3picos\u201d y los proudhonianos) y desarrolla la batalla te\u00f3rico-pol\u00edtica que Marx y Engels llevan a cabo contra estos sectores (en especial, contra el dirigente alem\u00e1n Wilhelm Weitling). El filme llega hasta el momento en que las ideas de Marx y Engels ganan la mayor\u00eda de esa organizaci\u00f3n y la transforman en la Liga de los Comunistas, para la cual escriben su programa (conocido desde entonces como <em>Manifiesto Comunista<\/em>).<\/p>\n<p>Si hace falta decirlo de modo expl\u00edcito, el filme me gust\u00f3 much\u00edsimo. Una opini\u00f3n que excede los aspectos espec\u00edficamente cinematogr\u00e1ficos como las actuaciones, la ambientaci\u00f3n o el ritmo del relato que son de una gran dignidad. En especial, creo que Raoul Peck acert\u00f3 en los \u00e1ngulos en que elige abordar la historia y, con ello, le quita el \u201cacartonamiento\u201d que, muchas veces, tienen estos filmes hist\u00f3ricos.<\/p>\n<p>El primer acierto es presentarnos a Marx y a Engels como militantes revolucionarios internacionalistas (tal como fue en la vida real). Su rica y extraordinaria producci\u00f3n en el campo de las ideas, la filosof\u00eda y la econom\u00eda se muestra como una gu\u00eda para ligarse al movimiento obrero existente en la \u00e9poca y para construir all\u00ed una herramienta pol\u00edtica al servicio de la tarea revolucionaria. Y, en ese camino, combinan la necesaria unidad de acci\u00f3n con otras fuerzas actuantes (en momentos y por tareas determinadas) con la batalla pol\u00edtica contra las ideas, los programa y los m\u00e9todos de organizaci\u00f3n que consideraban superados y equivocados. Es lo que sucede al interior de la Liga de los Justos y la batalla por transformarla en Liga de los Comunistas, aunque ello significase la ruptura con los \u201csocialista ut\u00f3picos\u201d y los proudhonianos.<\/p>\n<p>Al mismo tiempo, nos muestra a Marx y Engels como profundamente humanos, apasionados por las mujeres a las que amaban, las contradicciones de Engels con su origen de clase burguesa, las penurias econ\u00f3micas y de salud que viven Marx y su familia, la amistad inquebrantable de ambos. Es conmovedora la escena en que Marx estaba flaqueando en la tarea de escribir el <em>Manifiesto Comunista<\/em> y Engels lo respalda, y lo escriben juntos.<\/p>\n<p>Un p\u00e1rrafo final para las mujeres de ambos y la reivindicaci\u00f3n de su papel en la historia. Por un lado, Jenny Marx que renuncia a una vida de riqueza y lujos en la nobleza alemana para ser el respaldo sin el cual Marx no habr\u00eda podido hacer todo lo que hizo. Pero que, adem\u00e1s, ten\u00eda la inteligencia para seguir e intervenir en los debates y elaboraciones de su esposo y aportarle ideas.<\/p>\n<p>Por el otro, Mary Burns, compa\u00f1era de Engels, joven obrera irlandesa radicada en Manchester, mujer libre y \u201cpura pimienta\u201d, capaz de enfrentar al patr\u00f3n de la f\u00e1brica (el padre de Engels) y de ser el nexo de su compa\u00f1ero y de Marx con el movimiento obrero ingl\u00e9s (es ella la que los relaciona con la Liga de los Justos). En momentos en que no era f\u00e1cil para una mujer, ambas son centrales en la historia y merecieron ser reivindicadas como personajes importantes.<\/p>\n<p>La pel\u00edcula termina con el <em>Manifiesto Comunista<\/em> y las im\u00e1genes del filme transmiten que ese fue el gran legado de Marx y Engels a los trabajadores del mundo. Hubo, por supuesto, una larga historia posterior, pero es v\u00e1lido decir que el eje de la historia contin\u00faa siendo la lucha de clases del proletariado contra la burgues\u00eda y que la respuesta del <em>Manifiesto<\/em> ha trascendido, y resuena como la gran tarea: \u00a1Proletarios de todos los pa\u00edses, un\u00edos!\u00a0\u00a0\u00a0\u00a0\u00a0\u00a0 \u00a0\u00a0\u00a0\u00a0\u00a0<\/p>\n","protected":false},"excerpt":{"rendered":"<p>Despu\u00e9s de varios meses de espera, pude ver el filme \u201cEl joven Marx\u201d, del director haitiano (radicado en Francia) Raoul Peck. No fue f\u00e1cil. Su estreno en salas cinematogr\u00e1ficas del Brasil estaba anunciado para junio pasado pero no se produjo (por razones que desconozco). Tampoco se comercializaba en DVD y, en youtube, la mano no [&hellip;]<\/p>\n","protected":false},"author":4,"featured_media":46939,"menu_order":0,"comment_status":"closed","ping_status":"open","sticky":false,"template":"","format":"standard","meta":{"jetpack_post_was_ever_published":false,"_jetpack_newsletter_access":"","_jetpack_dont_email_post_to_subs":false,"_jetpack_newsletter_tier_id":0,"_jetpack_memberships_contains_paywalled_content":false,"litci_post_political_author":"","_jetpack_memberships_contains_paid_content":false,"footnotes":""},"categories":[10805,6482,11516],"tags":[2821,11575,11576,11579,11578,11577,9188,6916],"class_list":["post-46938","post","type-post","status-publish","format-standard","has-post-thumbnail","hentry","category-cultura","category-historia","category-opinion","tag-alejandro-iturbe","tag-el-joven-marx","tag-filme-de-raoul-peck-haitiano-en-francia","tag-jenny-marx-y-mary-burns","tag-liga-comunista","tag-liga-de-los-justos","tag-manifiesto-comunista","tag-marx-y-engels"],"jetpack_featured_media_url":"https:\/\/i0.wp.com\/litci.org\/es\/wp-content\/uploads\/2017\/10\/the-young-karl-marx-stefan-konarske-august-diehl-c2a9kris-dewit.jpg?fit=2768%2C1839&ssl=1","fimg_url":"https:\/\/i0.wp.com\/litci.org\/es\/wp-content\/uploads\/2017\/10\/the-young-karl-marx-stefan-konarske-august-diehl-c2a9kris-dewit.jpg?fit=2768%2C1839&ssl=1","categories_names":["Cultura","Historia","Opini\u00f3n"],"author_info":{"name":"Administraci\u00f3n Site","pic":"https:\/\/secure.gravatar.com\/avatar\/1fc4a65db396208ca881747f59a66a20c6b8670747457224753e1e98c43f719b?s=96&d=mm&r=g"},"political_author":null,"tagline":"","jetpack_sharing_enabled":true,"_links":{"self":[{"href":"https:\/\/litci.org\/es\/wp-json\/wp\/v2\/posts\/46938","targetHints":{"allow":["GET"]}}],"collection":[{"href":"https:\/\/litci.org\/es\/wp-json\/wp\/v2\/posts"}],"about":[{"href":"https:\/\/litci.org\/es\/wp-json\/wp\/v2\/types\/post"}],"author":[{"embeddable":true,"href":"https:\/\/litci.org\/es\/wp-json\/wp\/v2\/users\/4"}],"replies":[{"embeddable":true,"href":"https:\/\/litci.org\/es\/wp-json\/wp\/v2\/comments?post=46938"}],"version-history":[{"count":2,"href":"https:\/\/litci.org\/es\/wp-json\/wp\/v2\/posts\/46938\/revisions"}],"predecessor-version":[{"id":46941,"href":"https:\/\/litci.org\/es\/wp-json\/wp\/v2\/posts\/46938\/revisions\/46941"}],"wp:featuredmedia":[{"embeddable":true,"href":"https:\/\/litci.org\/es\/wp-json\/wp\/v2\/media\/46939"}],"wp:attachment":[{"href":"https:\/\/litci.org\/es\/wp-json\/wp\/v2\/media?parent=46938"}],"wp:term":[{"taxonomy":"category","embeddable":true,"href":"https:\/\/litci.org\/es\/wp-json\/wp\/v2\/categories?post=46938"},{"taxonomy":"post_tag","embeddable":true,"href":"https:\/\/litci.org\/es\/wp-json\/wp\/v2\/tags?post=46938"}],"curies":[{"name":"wp","href":"https:\/\/api.w.org\/{rel}","templated":true}]}}