{"id":46217,"date":"2017-08-18T14:56:59","date_gmt":"2017-08-18T16:56:59","guid":{"rendered":"https:\/\/litci.org\/es\/?p=46217"},"modified":"2017-08-18T16:08:33","modified_gmt":"2017-08-18T18:08:33","slug":"tragedia-sajiplast-obrero-muere-accidente-negligencia-empresario","status":"publish","type":"post","link":"https:\/\/litci.org\/es\/tragedia-sajiplast-obrero-muere-accidente-negligencia-empresario\/","title":{"rendered":"\u00a1Tragedia en SAJIPLAST! Obrero muere en accidente por negligencia de empresario"},"content":{"rendered":"<div class=\"entry-content\">\n<p><em>La noche de este jueves, un joven trabajador muri\u00f3 producto de un accidente laboral en la empresa Sajiplast en la Aurora de Heredia. El accidente ocurri\u00f3 alrededor de las 10 de la noche, durante el cambio de turno, mientras trabajaba en una de las m\u00e1quinas m\u00e1s peligrosas de la empresa.<\/em><\/p>\n<p>Por Socialismo Hoy<\/p>\n<p>El Sindicato de Trabajadores del Sector Privado (SITRASEP)\u00a0<a href=\"https:\/\/www.facebook.com\/notes\/sitrasep-cr\/negligencia-y-avaricia-de-patronal-mata-a-obrero-de-sajiplast\/1731777253500341\/\" target=\"_blank\" rel=\"noopener\">se\u00f1al\u00f3 mediante un comunicado\u00a0<\/a>que esta m\u00e1quina es considerada peligrosa por los mismos trabajadores, \u201cque requiere experiencia y calificaci\u00f3n en su operaci\u00f3n\u201d. Sin embargo, se\u00f1alaron que la empresa design\u00f3 al trabajador a operarla cuando ten\u00eda apenas 5 semanas de trabajar, lo que ser\u00eda negligencia pues seg\u00fan se indica \u201cse requiere de por lo menos 4 meses de capacitaci\u00f3n para poder operar la m\u00e1quina\u201d.<\/p>\n<p><strong>\u201cNegligencia es para no aplicar ajuste salarial\u201d<\/strong><\/p>\n<p>Seg\u00fan la denuncia de SITRASEP \u201cla empresa se ha negado en reconocer que la labor que realizan los operadores de m\u00e1quinas de Sajiplast es calificada, y requiere de experiencia y capacitaci\u00f3n. Esto lo hace para negarse a pagarles un mejor salario\u201d.<\/p>\n<p>En su denuncia, el sindicato se\u00f1ala que para demostrar que los operarios no son calificados \u201cha estado contratando trabajadores que r\u00e1pidamente, y con poco entrenamiento son puestos a trabajar, sin acompa\u00f1amiento, en m\u00e1quinas que son peligrosas\u201d.<\/p>\n<p>De esta manera, la empresa estar\u00eda justificando no ajustar el salario, tal como lo hab\u00eda exigido anteriormente el sindicato.<\/p>\n<p>Los trabajadores de Sajiplast ganan menos del salario m\u00ednimo de un obrero calificado que es 10,877.41 colones por d\u00eda, y mucho menos de lo que se paga normalmente por el tipo de trabajo que ellos realizan en otras empresas que se encuentra alrededor de 12,800 colones por d\u00eda.<\/p>\n<p>\u201cLa avaricia de la patronal ha llevado a este tipo de actitudes irresponsables que ayer pagaron los trabajadores con el precio m\u00e1s alto, la vida de un compa\u00f1ero\u201d, declara la organizaci\u00f3n en el comunicado.<\/p>\n<p><strong>Falta de comisi\u00f3n de salud ocupacional e indiferencia del MTSS<\/strong><\/p>\n<p>Desde hace dos meses, SITRASEP conform\u00f3 una seccional sindical en la empresa, justamente con la exigencia de conformar la Comisi\u00f3n de Salud Ocupacional, pues la empresa cuenta con cerca de 180 trabajadores.<\/p>\n<p>Sin embargo, el sindicato denunci\u00f3 que \u201cla empresa se ha rehusado a conformarla\u201d, as\u00ed como se ha negado a reconocer la seccional.<\/p>\n<p>\u201cEn varias notas dirigidas a la empresa, con fechas 26, 28 y 30 de junio, se le se\u00f1al\u00f3 la necesidad de discutir los problemas de salud ocupacional, sin embargo, la empresa se ha negado a reconocer y discutir con el sindicato tanto la conformaci\u00f3n de una comisi\u00f3n de salud ocupacional como los dem\u00e1s problemas de higiene que existen en la empresa\u201d, a\u00f1adi\u00f3 la organizaci\u00f3n.<\/p>\n<p>El sindicato a\u00f1ade adem\u00e1s que han enviado comunicaciones a la Viceministra de Trabajo Nancy Mar\u00edn, solicitando \u201csu pronta intervenci\u00f3n\u201d, por las condiciones de salud en la empresa. \u201cLa empresa no tiene comisi\u00f3n de salud ocupacional\u2026 y trabaja en condiciones insalubres\u201d, indica la nota.<\/p>\n<p>Pese a ello, el Ministerio convoc\u00f3 tres veces a la empresa a una audiencia de conciliaci\u00f3n, sin que la misma se presentara. \u201cLuego el Ministerio de Trabajo se desentendi\u00f3 del asunto, dej\u00f3 de convocar a la empresa y no se dio ning\u00fan seguimiento, demostrando una indiferencia completa ante la denuncia se\u00f1alada\u201d, denuncia SITRASEP.<\/p>\n<p>En Costa Rica al a\u00f1o mueren 4,5 trabajadores por cada 100 mil, y alrededor de 1 de cada 10 trabajadores de la industria sufre un accidente al a\u00f1o.<\/p>\n<p>\u201cA los patronos no les importa ni el salario, ni las condiciones de vida, ni la vida misma de los trabajadores. A ellos solo les importa su ganancia, y si eso implica poner en riesgo la vida de los trabajadores da igual, total para eso pagan una p\u00f3liza y si se mueren siempre habr\u00e1 alguien que los remplace\u201d.<\/p>\n<p>\u201cAdem\u00e1s, manifestamos nuestra m\u00e1s en\u00e9rgica condena a la actitud de la patronal, a quien responsabilizamos por esta muerte. Denunciamos el rol indiferente con que el MTSS trata los problemas laborales y hacemos un llamado a todos los trabajadores de la empresa privada a organizarse para luchar contra los abusos de la patronal para defender nuestras vidas\u201d, concluye el comunicado.<\/p>\n<\/div>\n<footer class=\"entry-footer\"><\/footer>\n","protected":false},"excerpt":{"rendered":"<p>La noche de este jueves, un joven trabajador muri\u00f3 producto de un accidente laboral en la empresa Sajiplast en la Aurora de Heredia. El accidente ocurri\u00f3 alrededor de las 10 de la noche, durante el cambio de turno, mientras trabajaba en una de las m\u00e1quinas m\u00e1s peligrosas de la empresa. Por Socialismo Hoy El Sindicato [&hellip;]<\/p>\n","protected":false},"author":5,"featured_media":46218,"menu_order":0,"comment_status":"closed","ping_status":"open","sticky":false,"template":"","format":"standard","meta":{"jetpack_post_was_ever_published":false,"_jetpack_newsletter_access":"","_jetpack_dont_email_post_to_subs":false,"_jetpack_newsletter_tier_id":0,"_jetpack_memberships_contains_paywalled_content":false,"litci_post_political_author":"","_jetpack_memberships_contains_paid_content":false,"footnotes":""},"categories":[2737,2679],"tags":[2875,6117,11149],"class_list":["post-46217","post","type-post","status-publish","format-standard","has-post-thumbnail","hentry","category-movimiento-obrero","category-costa-rica","tag-costa-rica-2","tag-pt-costa-rica","tag-sajiplast"],"jetpack_featured_media_url":"https:\/\/i0.wp.com\/litci.org\/es\/wp-content\/uploads\/2017\/08\/sajiplast-810x456.jpg?fit=810%2C456&ssl=1","fimg_url":"https:\/\/i0.wp.com\/litci.org\/es\/wp-content\/uploads\/2017\/08\/sajiplast-810x456.jpg?fit=810%2C456&ssl=1","categories_names":["Costa Rica","Movimiento Obrero"],"author_info":{"name":"Kely","pic":"https:\/\/secure.gravatar.com\/avatar\/19003bf6219614b90207b39bd4a2733ce9cf96693efdfd639b15a829beed53d1?s=96&d=mm&r=g"},"political_author":null,"tagline":"","jetpack_sharing_enabled":true,"_links":{"self":[{"href":"https:\/\/litci.org\/es\/wp-json\/wp\/v2\/posts\/46217","targetHints":{"allow":["GET"]}}],"collection":[{"href":"https:\/\/litci.org\/es\/wp-json\/wp\/v2\/posts"}],"about":[{"href":"https:\/\/litci.org\/es\/wp-json\/wp\/v2\/types\/post"}],"author":[{"embeddable":true,"href":"https:\/\/litci.org\/es\/wp-json\/wp\/v2\/users\/5"}],"replies":[{"embeddable":true,"href":"https:\/\/litci.org\/es\/wp-json\/wp\/v2\/comments?post=46217"}],"version-history":[{"count":1,"href":"https:\/\/litci.org\/es\/wp-json\/wp\/v2\/posts\/46217\/revisions"}],"predecessor-version":[{"id":46219,"href":"https:\/\/litci.org\/es\/wp-json\/wp\/v2\/posts\/46217\/revisions\/46219"}],"wp:featuredmedia":[{"embeddable":true,"href":"https:\/\/litci.org\/es\/wp-json\/wp\/v2\/media\/46218"}],"wp:attachment":[{"href":"https:\/\/litci.org\/es\/wp-json\/wp\/v2\/media?parent=46217"}],"wp:term":[{"taxonomy":"category","embeddable":true,"href":"https:\/\/litci.org\/es\/wp-json\/wp\/v2\/categories?post=46217"},{"taxonomy":"post_tag","embeddable":true,"href":"https:\/\/litci.org\/es\/wp-json\/wp\/v2\/tags?post=46217"}],"curies":[{"name":"wp","href":"https:\/\/api.w.org\/{rel}","templated":true}]}}