{"id":44535,"date":"2017-06-16T10:05:12","date_gmt":"2017-06-16T12:05:12","guid":{"rendered":"http:\/\/litci.org\/es\/?p=44535"},"modified":"2017-06-16T10:12:16","modified_gmt":"2017-06-16T12:12:16","slug":"solidaridad-con-las-protestas-en-marruecos","status":"publish","type":"post","link":"https:\/\/litci.org\/es\/solidaridad-con-las-protestas-en-marruecos\/","title":{"rendered":"Solidaridad con las protestas en Marruecos"},"content":{"rendered":"<p><em>La poblaci\u00f3n de la regi\u00f3n del Rif (norte de Marruecos) viene protagonizando en los \u00faltimos meses, desde octubre del a\u00f1o pasado, un movimiento continuado de protestas que traen a la luz una vez m\u00e1s el autoritarismo, la miseria y el caos social que afectan al pa\u00eds magreb\u00ed.<\/em><!--more--><\/p>\n<p><em>Por Gabriel Huland<\/em><\/p>\n<p>Las principales reivindicaciones de los manifestantes son el acceso a un sistema p\u00fablico de salud, la construcci\u00f3n de escuelas, universidades y hospitales, la creaci\u00f3n de empleos dignos, as\u00ed como el fin de la corrupci\u00f3n en el Estado y la retirada de las fuerzas represivas del r\u00e9gimen que aterrorizan a los rife\u00f1os desde hace d\u00e9cadas.<\/p>\n<p>A estas demandas se a\u00f1ade la exigencia de libertad a los y las detenidas en los \u00faltimos meses que, seg\u00fan los manifestantes, ya superan la cifra de 85 personas desde el inicio de la crisis. Entre los detenidos se encuentra Nasser Zefzafi y Nawal Benaisa, dos de los l\u00edderes de \u201cAl Hirak al Shaabi\u201d (movimiento popular), el colectivo de base que convoca y organiza las manifestaciones.<\/p>\n<p>El movimiento tiene un car\u00e1cter eminentemente pac\u00edfico y los altercados en general son ocasionados por las fuerzas de seguridad que, siguiendo las \u00f3rdenes del gobierno de Rabat, reprimen duramente las manifestaciones disparando incluso con munici\u00f3n real contra la multitud.<\/p>\n<p>La solidaridad con la lucha de la poblaci\u00f3n del Rif es grande tanto dentro como fuera del pa\u00eds. Recientemente tuvo lugar en Rabat una marcha, convocada por distintos partidos pol\u00edticos \u2013desde \u201cislamistas moderados\u201d hasta la izquierda radical-, que reuni\u00f3 a decenas de miles de personas expresando que un n\u00famero cada vez mayor de marroqu\u00edes apoya la lucha llevada a cabo en el norte del pa\u00eds.<\/p>\n<p>Incluso partidos que forman parte de la coalici\u00f3n de gobierno han participado en la manifestaci\u00f3n en Rabat, lo que indica un cierto descontrol en el seno del mismo r\u00e9gimen. Adem\u00e1s, tanto en el Estado espa\u00f1ol, como en Holanda y B\u00e9lgica \u2013 pa\u00edses en donde hay importantes comunidades marroqu\u00edes y rife\u00f1as- han ocurrido demostraciones de solidaridad con las protestas de Alhucemas.<\/p>\n<p>El actual levantamiento popular, que tiene un claro hilo de continuidad con la Primavera \u00c1rabe marroqu\u00ed y el movimiento 20 de Febrero (20-F), se origin\u00f3 a finales del a\u00f1o pasado cuando se produjo la muerte del vendedor de pescado Mohcine Fikri, triturado por un cami\u00f3n de la basura tras tener su mercanc\u00eda incautada por un fiscal del Estado.<\/p>\n<p>Durante la Primavera \u00c1rabe, cuando surgi\u00f3 el movimiento 20-F y el pa\u00eds fue sacudido por importantes movilizaciones, la regi\u00f3n rife\u00f1a fue uno de los principales focos de las protestas por mejores condiciones de vida y contra el centralismo mon\u00e1rquico existente en Marruecos. Tambi\u00e9n en esta ocasi\u00f3n, los rife\u00f1os fueron v\u00edctimas de una brutal represi\u00f3n que result\u00f3 en innumerables muertos y heridos.<\/p>\n<p>De hecho, fue justo despu\u00e9s de uno de los enfrentamientos m\u00e1s violentos entre la poblaci\u00f3n del Rif y las fuerzas de seguridad, en el que decenas de personas perdieron la vida, que el rey Mohamed VI dio inicio a un proceso de reformas constitucionales que jugaron un importante papel en hacer retroceder la Primavera \u00c1rabe marroqu\u00ed y reestabilizar el pa\u00eds. As\u00edmismo, el papel del partido comunista y distintos sindicatos al negociar con la monarqu\u00eda fue clave en este proceso.<\/p>\n<p><strong>Crecimiento econ\u00f3mico sin justicia social<\/strong><\/p>\n<p>Las condiciones de vida de los marroqu\u00edes, especialmente de la clase trabajadora y los sectores m\u00e1s desfavorecidos, viene deterior\u00e1ndose gradualmente, pese al moderado crecimiento econ\u00f3mico experimentado por el pa\u00eds en los \u00faltimos a\u00f1os.<\/p>\n<p>Marruecos se ha convertido en una fuente de mano de obra barata para empresas multinacionales. El salario medio de un obrero no especializado no llega a un euro por hora y esto pr\u00e1cticamente no cambia en las distintas ramas de la econom\u00eda. Adem\u00e1s, la proximidad con Europa y la reciente mejora de la red de carreteras y trenes son importantes atractivos al facilitar el transporte de mercanc\u00edas a lo largo del pa\u00eds y hacia Europa.<\/p>\n<p><strong>La hist\u00f3rica lucha por la autodeterminaci\u00f3n del Rif<\/strong><\/p>\n<p>Por otro lado, la lucha de los rife\u00f1os por su autodeterminaci\u00f3n es hist\u00f3rica y tiene su origen en la ocupaci\u00f3n colonial del pa\u00eds por Espa\u00f1a y Francia. En los a\u00f1os 20, bajo el liderazgo de Abd el-Krim, importante referente pol\u00edtico en la regi\u00f3n hasta los d\u00edas actuales, el Rif lleg\u00f3 a declararse independiente, con la creaci\u00f3n de la Rep\u00fablica del Rif.<\/p>\n<p>Franceses y espa\u00f1oles declararon la guerra inmediatamente despu\u00e9s de proclamada la nueva rep\u00fablica, iniciando un conflicto que dur\u00f3 m\u00e1s de 6 a\u00f1os y caus\u00f3 decenas de miles de muertos y refugiados.<\/p>\n<p>El gobierno marroqu\u00ed acusa a los manifestantes de recibir apoyo de grupos extranjeros, haciendo uso de la misma ret\u00f3rica utilizada por gobiernos como el de Assad en Siria y Maduro en Venezuela, que, para justificar la represi\u00f3n, necesitan crear un enemigo ficticio externo para no tener que dar explicaciones sobre las pol\u00edticas injustas y antisociales que implementan.<\/p>\n<p>Desde Corriente Roja expresamos nuestro apoyo a las protestas de Alhucemas y hacemos nuestras las reivindicaciones del pueblo rife\u00f1o. Exigimos la inmediata liberaci\u00f3n de las y los detenidos, defendemos su total derecho a la autodeterminaci\u00f3n y que el gobierno marroqu\u00ed atienda todas las reivindicaciones levantadas por los manifestantes.<\/p>\n<p>Adem\u00e1s, defendemos que los movimientos sociales \u2013sindicatos, partidos pol\u00edticos de izquierda y dem\u00e1s colectivos- organicen la solidaridad con el pueblo rife\u00f1o en lucha por dignidad, democracia y justicia social.<\/p>\n<p>&nbsp;<\/p>\n","protected":false},"excerpt":{"rendered":"<p>La poblaci\u00f3n de la regi\u00f3n del Rif (norte de Marruecos) viene protagonizando en los \u00faltimos meses, desde octubre del a\u00f1o pasado, un movimiento continuado de protestas que traen a la luz una vez m\u00e1s el autoritarismo, la miseria y el caos social que afectan al pa\u00eds magreb\u00ed.<\/p>\n","protected":false},"author":5,"featured_media":44536,"menu_order":0,"comment_status":"closed","ping_status":"open","sticky":false,"template":"","format":"standard","meta":{"jetpack_post_was_ever_published":false,"_jetpack_newsletter_access":"","_jetpack_dont_email_post_to_subs":false,"_jetpack_newsletter_tier_id":0,"_jetpack_memberships_contains_paywalled_content":false,"litci_post_political_author":"","_jetpack_memberships_contains_paid_content":false,"footnotes":""},"categories":[6282],"tags":[6283,5437],"class_list":["post-44535","post","type-post","status-publish","format-standard","has-post-thumbnail","hentry","category-marruecos","tag-marruecos","tag-revolucion-arabe"],"jetpack_featured_media_url":"https:\/\/i0.wp.com\/litci.org\/es\/wp-content\/uploads\/2017\/06\/marruecos2.jpg?fit=985%2C656&ssl=1","fimg_url":"https:\/\/i0.wp.com\/litci.org\/es\/wp-content\/uploads\/2017\/06\/marruecos2.jpg?fit=985%2C656&ssl=1","categories_names":["Marruecos"],"author_info":{"name":"Kely","pic":"https:\/\/secure.gravatar.com\/avatar\/19003bf6219614b90207b39bd4a2733ce9cf96693efdfd639b15a829beed53d1?s=96&d=mm&r=g"},"political_author":null,"tagline":"","jetpack_sharing_enabled":true,"_links":{"self":[{"href":"https:\/\/litci.org\/es\/wp-json\/wp\/v2\/posts\/44535","targetHints":{"allow":["GET"]}}],"collection":[{"href":"https:\/\/litci.org\/es\/wp-json\/wp\/v2\/posts"}],"about":[{"href":"https:\/\/litci.org\/es\/wp-json\/wp\/v2\/types\/post"}],"author":[{"embeddable":true,"href":"https:\/\/litci.org\/es\/wp-json\/wp\/v2\/users\/5"}],"replies":[{"embeddable":true,"href":"https:\/\/litci.org\/es\/wp-json\/wp\/v2\/comments?post=44535"}],"version-history":[{"count":3,"href":"https:\/\/litci.org\/es\/wp-json\/wp\/v2\/posts\/44535\/revisions"}],"predecessor-version":[{"id":44543,"href":"https:\/\/litci.org\/es\/wp-json\/wp\/v2\/posts\/44535\/revisions\/44543"}],"wp:featuredmedia":[{"embeddable":true,"href":"https:\/\/litci.org\/es\/wp-json\/wp\/v2\/media\/44536"}],"wp:attachment":[{"href":"https:\/\/litci.org\/es\/wp-json\/wp\/v2\/media?parent=44535"}],"wp:term":[{"taxonomy":"category","embeddable":true,"href":"https:\/\/litci.org\/es\/wp-json\/wp\/v2\/categories?post=44535"},{"taxonomy":"post_tag","embeddable":true,"href":"https:\/\/litci.org\/es\/wp-json\/wp\/v2\/tags?post=44535"}],"curies":[{"name":"wp","href":"https:\/\/api.w.org\/{rel}","templated":true}]}}