{"id":39107,"date":"2016-10-06T13:40:49","date_gmt":"2016-10-06T15:40:49","guid":{"rendered":"http:\/\/litci.org\/es\/?p=39107"},"modified":"2016-10-07T21:53:04","modified_gmt":"2016-10-07T23:53:04","slug":"turquia-basta-de-persecucion-a-hakan-gulseven-contra-el-estado-de-emergencia-de-erdogan","status":"publish","type":"post","link":"https:\/\/litci.org\/es\/turquia-basta-de-persecucion-a-hakan-gulseven-contra-el-estado-de-emergencia-de-erdogan\/","title":{"rendered":"Turqu\u00eda: Basta de persecuci\u00f3n a Hakan G\u00fclseven! Contra el Estado de Emergencia de Erdo\u011fan!"},"content":{"rendered":"<p><em>El gobierno del AKP ha utilizado el fallido intento de golpe del 15 de julio para su propia ventaja, ampliando la represi\u00f3n sobre la oposici\u00f3n. Los recientes ataques del gobierno al movimiento Kurdo y a los grupos de izquierda, as\u00ed como a prominentes figuras p\u00fablicas, demuestran que su intenci\u00f3n es claramente callar a toda la oposici\u00f3n.<\/em><!--more--><\/p>\n<p>Declaraci\u00f3n del Movimiento RED \u2013 Turqu\u00eda<\/p>\n<p>La opresi\u00f3n a los trabajadores, estudiantes, intelectuales y otros grupos de oposici\u00f3n, que se ha intensificado desde la derrota del levantamiento de Gezi,* ahora se vuelve a\u00fan m\u00e1s fuerte desde que el gobierno est\u00e1 explotando la derrota del golpe como una oportunidad en este sentido. Aval\u00e1ndose a s\u00ed mismo con los poderes excepcionales del Estado de Emergencia, el gobierno recientemente cerr\u00f3 decenas de estaciones televisivas, peri\u00f3dicos y sitios web, todos pertenecientes a la oposici\u00f3n de izquierda y al movimiento Kurdo.<\/p>\n<p>Tambi\u00e9n ha intensificado los ataques a la clase trabajadora: m\u00e1s de 10.000 profesores fueron despedidos por estar afiliados al E\u011fitim-Sen, \u00fanico sindicato de izquierda en el sector. Muchos grupos de trabajadores y organizaciones en huelga est\u00e1n actualmente siendo amenazados por la polic\u00eda, apoyada en las normativas del Estado de Emergencia. Otros tantos intelectuales y periodistas han sido detenidos, y a\u00fan m\u00e1s est\u00e1n ya siendo enviados a prisi\u00f3n. M\u00e1s de 1.000 acad\u00e9micos, los cuales hab\u00edan firmado una petici\u00f3n en contra de la lucha del gobierno contra los rebeldes Kurdos -conocidos como \u201cAcad\u00e9micos por la Paz\u201d- han sido arrestados.<\/p>\n<p>Turqu\u00eda simplemente ha dejado de ser un pa\u00eds democr\u00e1tico. El r\u00e9gimen evoluciona hacia una especie de dictadura fascista-isl\u00e1mica, bajo la cual el presidente Erdo\u011fan fortalece su posici\u00f3n personal en el poder contra los opositores internos y extranjeros, as\u00ed como instiga el nacionalismo e\u00a0islamismo\u00a0para solidificar su base civil. La diferencia entre el estado y el gobierno est\u00e1 desapareciendo, con las fuerzas militares y la polic\u00eda convirti\u00e9ndose en una milicia del gobierno (a su vez combinada con las fuerzas civiles del partido a la espera).<\/p>\n<p>El Movimiento RED, grupo simpatizante de la LIT-CI, tambi\u00e9n est\u00e1 siendo objetivo de estos ataques y opresi\u00f3n, ya que confronta las pol\u00edticas de gobierno, levantando valores revolucionarios y llamando a acciones unificadas de los trabajadores contra los ataques chauvinistas y reaccionarios de los patrones. Hakan G\u00fclseven, periodista y prominente figura p\u00fablica, est\u00e1 bajo ataque de las fuerzas del gobierno, bajo acusaci\u00f3n de tener contacto directo y colaborar con el grupo hacker de izquierda, RedHack, siendo acusado de crimen terrorista.<\/p>\n<p>Adem\u00e1s de G\u00fclseven, muchas otras figuras de izquierda est\u00e1n siendo acusadas de colaborar con RedHack. Hakan G\u00fclseven, a su vez, es miembro del Comit\u00e9 Ejecutivo del Movimiento Junio Unido, organizaci\u00f3n de lucha apoyada en las reivindicaciones del Levantamiento de Gazi, uno de los motivos centrales por el cual \u00e9l est\u00e1 siendo perseguido.<\/p>\n<p>G\u00fclseven es un militante revolucionario que siempre luch\u00f3 lado a lado con los trabajadores y las masas y explotadas. Su vida habla por s\u00ed misma. Nosotros, como Movimiento RED, declaramos que estamos a su lado contra estos ataques. A ese fin, nuestras demandas son las siguientes:<\/p>\n<ul>\n<li>Inmediata suspensi\u00f3n del Estado de Emergencia y sus pr\u00e1cticas.<\/li>\n<li>Rendici\u00f3n de cuentas de todos los responsables por calumnias, conspiraciones y males contra los trabajadores, estudiantes e intelectuales, incluyendo a Hakan G\u00fclseven.<\/li>\n<li>Remoci\u00f3n inmediata de todas las barreras a la libertad de pensamiento y expresi\u00f3n y al derecho de organizaci\u00f3n.<\/li>\n<li>Basta de persecuci\u00f3n\u00a0a Hakan G\u00fclseven!<\/li>\n<li>Larga vida a la solidaridad internacional!<\/li>\n<li>Larga vida a la unidad internacional de los trabajadores, y su organizaci\u00f3n de lucha, la Liga Internacional de los Trabajadores \u2013 Cuarta Internacional!<\/li>\n<\/ul>\n<p>Notas:<\/p>\n<p>*Protestas en el Parque Taksim Gezi, Estambul, el 28 de mayo de 2013, que dieron origen al proceso revolucionario en el pa\u00eds. El detonador del proceso fue la movilizaci\u00f3n de 50 ecologistas contra la transformaci\u00f3n del parque en un centro comercial, siendo brutalmente reprimidos por las fuerzas policiales, y ganando repercusi\u00f3n y solidaridad a nivel nacional, convirti\u00e9ndose en un proceso de movilizaciones por una serie de exigencias sociales y contra el gobierno.<\/p>\n<p>Traducci\u00f3n: Sof\u00eda Ballack.<\/p>\n","protected":false},"excerpt":{"rendered":"<p>El gobierno del AKP ha utilizado el fallido intento de golpe del 15 de julio para su propia ventaja, ampliando la represi\u00f3n sobre la oposici\u00f3n. Los recientes ataques del gobierno al movimiento Kurdo y a los grupos de izquierda, as\u00ed como a prominentes figuras p\u00fablicas, demuestran que su intenci\u00f3n es claramente callar a toda la [&hellip;]<\/p>\n","protected":false},"author":4,"featured_media":39105,"menu_order":0,"comment_status":"closed","ping_status":"open","sticky":false,"template":"","format":"standard","meta":{"jetpack_post_was_ever_published":false,"_jetpack_newsletter_access":"","_jetpack_dont_email_post_to_subs":false,"_jetpack_newsletter_tier_id":0,"_jetpack_memberships_contains_paywalled_content":false,"litci_post_political_author":"","_jetpack_memberships_contains_paid_content":false,"footnotes":""},"categories":[2764,2716],"tags":[3172,3209,8976,4626,9041,2873],"class_list":["post-39107","post","type-post","status-publish","format-standard","has-post-thumbnail","hentry","category-declaraciones","category-turquia","tag-declaracion","tag-erdogan","tag-hakan-gulseven","tag-movimiento-red","tag-taksim","tag-turquia-2"],"jetpack_featured_media_url":"https:\/\/i0.wp.com\/litci.org\/es\/wp-content\/uploads\/2016\/10\/2013_Taksim_Gezi_Park.jpg?fit=800%2C532&ssl=1","fimg_url":"https:\/\/i0.wp.com\/litci.org\/es\/wp-content\/uploads\/2016\/10\/2013_Taksim_Gezi_Park.jpg?fit=800%2C532&ssl=1","categories_names":["Declaraciones","Turqu\u00eda"],"author_info":{"name":"Administraci\u00f3n Site","pic":"https:\/\/secure.gravatar.com\/avatar\/1fc4a65db396208ca881747f59a66a20c6b8670747457224753e1e98c43f719b?s=96&d=mm&r=g"},"political_author":null,"tagline":"","jetpack_sharing_enabled":true,"_links":{"self":[{"href":"https:\/\/litci.org\/es\/wp-json\/wp\/v2\/posts\/39107","targetHints":{"allow":["GET"]}}],"collection":[{"href":"https:\/\/litci.org\/es\/wp-json\/wp\/v2\/posts"}],"about":[{"href":"https:\/\/litci.org\/es\/wp-json\/wp\/v2\/types\/post"}],"author":[{"embeddable":true,"href":"https:\/\/litci.org\/es\/wp-json\/wp\/v2\/users\/4"}],"replies":[{"embeddable":true,"href":"https:\/\/litci.org\/es\/wp-json\/wp\/v2\/comments?post=39107"}],"version-history":[{"count":11,"href":"https:\/\/litci.org\/es\/wp-json\/wp\/v2\/posts\/39107\/revisions"}],"predecessor-version":[{"id":39151,"href":"https:\/\/litci.org\/es\/wp-json\/wp\/v2\/posts\/39107\/revisions\/39151"}],"wp:featuredmedia":[{"embeddable":true,"href":"https:\/\/litci.org\/es\/wp-json\/wp\/v2\/media\/39105"}],"wp:attachment":[{"href":"https:\/\/litci.org\/es\/wp-json\/wp\/v2\/media?parent=39107"}],"wp:term":[{"taxonomy":"category","embeddable":true,"href":"https:\/\/litci.org\/es\/wp-json\/wp\/v2\/categories?post=39107"},{"taxonomy":"post_tag","embeddable":true,"href":"https:\/\/litci.org\/es\/wp-json\/wp\/v2\/tags?post=39107"}],"curies":[{"name":"wp","href":"https:\/\/api.w.org\/{rel}","templated":true}]}}