{"id":37472,"date":"2016-07-26T15:03:59","date_gmt":"2016-07-26T17:03:59","guid":{"rendered":"http:\/\/litci.org\/es\/?p=37472"},"modified":"2016-07-26T15:03:59","modified_gmt":"2016-07-26T17:03:59","slug":"presentes","status":"publish","type":"post","link":"https:\/\/litci.org\/es\/presentes\/","title":{"rendered":"\u00a1Presentes!"},"content":{"rendered":"<p><em>El PSTU fue construido en estos 22 a\u00f1os con mucho esfuerzo y abnegaci\u00f3n militante. Fueron a\u00f1os de lucha contra la burgues\u00eda, el imperialismo y la adaptaci\u00f3n de gran parte de la izquierda revolucionaria a los gabinetes parlamentarios.<\/em><!--more--><\/p>\n<p>Por: PSTU- Brasil<\/p>\n<p>En estos a\u00f1os, muchos camaradas dieron, literalmente, sus vidas para que hoy tengamos un embri\u00f3n de un partido revolucionario en este pa\u00eds. A esos camaradas, prestamos aqu\u00ed nuestro homenaje.<\/p>\n<p><strong>Jos\u00e9 Lu\u00eds y Rosa Sundermann, \u00a1presentes!<\/strong><\/p>\n<p><a href=\"https:\/\/i0.wp.com\/litci.org\/es\/wp-content\/uploads\/2016\/07\/jose-luis-e-rosa-sundermann.jpg\"><img data-recalc-dims=\"1\" loading=\"lazy\" decoding=\"async\" class=\"size-medium wp-image-37473 alignright\" src=\"https:\/\/i0.wp.com\/litci.org\/es\/wp-content\/uploads\/2016\/07\/jose-luis-e-rosa-sundermann.jpg?resize=300%2C197\" alt=\"jose-luis-e-rosa-sundermann\" width=\"300\" height=\"197\" \/><\/a>La pareja Sundermann fue asesinada en San Carlos (SP) el 12 de junio de 1994, una semana despu\u00e9s del congreso de fundaci\u00f3n del PSTU. Rosa hab\u00eda acabado de ser elegida para la direcci\u00f3n nacional del partido y Jos\u00e9 Lu\u00eds era dirigente de la Fasubra [Federaci\u00f3n de Sindicatos de Trabajadores en Educaci\u00f3n de las Universidades Brasile\u00f1as] y del Sindicato de los Trabajadores de la Ufscar [Universidad Federal de San Carlos].<\/p>\n<p>Los dos fueron ejecutados a tiros en un crimen con claras caracter\u00edsticas de crimen pol\u00edtico, practicado por asesinos profesionales. Ellos participaban activamente de las luchas sociales en la regi\u00f3n, habiendo sido protagonistas de la huelga de los cortadores de ca\u00f1a del ingenio Ipiranga en 1990. La polic\u00eda, no obstante, nunca investig\u00f3 en esa l\u00ednea y hasta hoy el crimen permanece impune.<\/p>\n<p>Jos\u00e9 Lu\u00eds y Rosa fueron muertos por asesinos profesionales al mando de empresarios y pol\u00edticos vinculados al gran capital. Fueron muertos por ser socialistas y revolucionarios.<\/p>\n<p><strong>Gildo Rocha, \u00a1presente!<\/strong><\/p>\n<p><a href=\"https:\/\/i0.wp.com\/litci.org\/es\/wp-content\/uploads\/2016\/07\/gildo.jpg\"><img data-recalc-dims=\"1\" loading=\"lazy\" decoding=\"async\" class=\"size-medium wp-image-37474 alignright\" src=\"https:\/\/i0.wp.com\/litci.org\/es\/wp-content\/uploads\/2016\/07\/gildo.jpg?resize=280%2C300\" alt=\"gildo\" width=\"280\" height=\"300\" \/><\/a>El militante del PSTU en Brasilia y director del Sindicato de los Servidores del Distrito Federal (SINDSES), Gildo Rocha, fue asesinado el 6 de octubre de 2000, mientras realizaba una actividad deliberada por el comando de huelga de su categor\u00eda.<\/p>\n<p>Estaba perforando bolsas de basura en la madrugada, para dificultar la acci\u00f3n de los rompehuelgas al d\u00eda siguiente, en una paralizaci\u00f3n de recolectores [garis] en el Distrito Federal, junto con otros compa\u00f1eros de la categor\u00eda. Fue bloqueado por agentes de la Polic\u00eda Civil del gobernador Joaquim Roriz (PMDB), que se dedicaban a quebrar el movimiento. Los polic\u00edas quebraron a los huelguistas y Gildo consigui\u00f3 huir, pero fue muerto con tiros en la espalda.<\/p>\n<p>Despu\u00e9s del crimen, la polic\u00eda lo calumni\u00f3, forzando testimonios y poniendo en su autom\u00f3vil un arma y un cigarro de marihuana. Los asesinos inventaron la historia de que Gildo estar\u00eda drogado y se hab\u00eda resistido a la prisi\u00f3n. Pero los laudos periciales demostraron que Gildo no dispar\u00f3 ninguna arma y no hab\u00eda consumido drogas.<\/p>\n<p>Once a\u00f1os despu\u00e9s, en 2011, uno de los polic\u00edas que particip\u00f3 del asesinado (el otro ya hab\u00eda muerto), fue absuelto en un juzgamiento en Brasilia, a pesar de todas las pruebas de la ejecuci\u00f3n.<\/p>\n<p><strong>Dirceu Travesso, \u00a1presente!<\/strong><\/p>\n<p><a href=\"https:\/\/i0.wp.com\/litci.org\/es\/wp-content\/uploads\/2016\/07\/didi.jpg\"><img data-recalc-dims=\"1\" loading=\"lazy\" decoding=\"async\" class=\"size-medium wp-image-37475 alignright\" src=\"https:\/\/i0.wp.com\/litci.org\/es\/wp-content\/uploads\/2016\/07\/didi.jpg?resize=300%2C245\" alt=\"didi\" width=\"300\" height=\"245\" \/><\/a>Dirceu Travesso, o Didi, fue uno de los imprescindibles de los que hablaba Brecht. Dedic\u00f3 pr\u00e1cticamente toda su vida a la construcci\u00f3n del partido revolucionario y a la lucha de los trabajadores. Didi muri\u00f3 en setiembre de 2014 luego de una lucha de cinco anos contra el c\u00e1ncer.<\/p>\n<p>Travesso inici\u00f3 su militancia en la lucha contra la dictadura, cuando a\u00fan era estudiante de ingenier\u00eda en la Ufscar, en el final de la d\u00e9cada de 1970. Luego, fue a trabajar en la CSN [Compa\u00f1\u00eda Sider\u00fargica Nacional] de Volta Redonda y despu\u00e9s fue para San Pablo a militar junto a los bancarios. Trabaj\u00f3 primero en el Ita\u00fa y despu\u00e9s en Nossa Caixa [Nuestra Caja]. En poco tiempo se volvi\u00f3 un reconocido dirigente en la categor\u00eda. Miembro de la Convergencia Socialista (CS), ayud\u00f3 a fundar el PT y despu\u00e9s la CUT, donde form\u00f3 parte de su direcci\u00f3n ejecutiva por algunos a\u00f1os.<\/p>\n<p>En 1994 rompi\u00f3 con el PT, cuando el \u201cFora Collor\u201d [Fuera Collor de Melo] y la expulsi\u00f3n de la CS, y particip\u00f3 activamente de la fundaci\u00f3n y construcci\u00f3n del PSTU, formando parte de su Direcci\u00f3n Nacional. En los \u00faltimos a\u00f1os de vida, Didi se dedic\u00f3 especialmente al internacionalismo, volc\u00e1ndose a la construcci\u00f3n de la Red de Solidaridad Internacional.<\/p>\n<p>Incluso padeciendo de un grave c\u00e1ncer, Dirceu Travesso no afloj\u00f3 un solo momento, dando hasta la \u00faltima de sus fuerzas a la militancia, a la construcci\u00f3n del PSTU y de la Liga Internacional de los Trabajadores. Didi fue y contin\u00faa siendo un gran ejemplo para todos nosotros.<\/p>\n<p><strong>Cilinha, \u00a1presente!<\/strong><\/p>\n<p><a href=\"https:\/\/i0.wp.com\/litci.org\/es\/wp-content\/uploads\/2016\/07\/cili.jpg\"><img data-recalc-dims=\"1\" loading=\"lazy\" decoding=\"async\" class=\"size-medium wp-image-37476 alignright\" src=\"https:\/\/i0.wp.com\/litci.org\/es\/wp-content\/uploads\/2016\/07\/cili.jpg?resize=300%2C181\" alt=\"cili\" width=\"300\" height=\"181\" srcset=\"https:\/\/i0.wp.com\/litci.org\/es\/wp-content\/uploads\/2016\/07\/cili.jpg?w=300&amp;ssl=1 300w, https:\/\/i0.wp.com\/litci.org\/es\/wp-content\/uploads\/2016\/07\/cili.jpg?resize=265%2C160&amp;ssl=1 265w\" sizes=\"auto, (max-width: 300px) 100vw, 300px\" \/><\/a>Cec\u00edlia Toledo falleci\u00f3 en setiembre de 2015 luego de una larga lucha contra el c\u00e1ncer. Incluso realizando tratamiento durante a\u00f1os, Cilinha, como era conocida, sorprend\u00eda por la disposici\u00f3n con que se dedicaba a la militancia revolucionaria e internacionalista.<\/p>\n<p>Cilinha comenz\u00f3 a militar bajo la dictadura militar, a mediados de los a\u00f1os de 1970, en la Liga Operaria, organizaci\u00f3n que antecedi\u00f3 a la Convergencia Socialista y el PSTU. Pr\u00e1cticamente 40 a\u00f1os de militancia marcan una vida dedicada a la construcci\u00f3n del PSTU y la LIT.<\/p>\n<p>Fue periodista del alternativo Versus, del peri\u00f3dico Alicerce y despu\u00e9s de Opini\u00f3n Socialista, el peri\u00f3dico del PSTU. Desarroll\u00f3 en la d\u00e9cada de 1970 un intenso trabajo entre los artistas, habiendo participado de la primera lista de oposici\u00f3n a vencer a los \u201cpelegos\u201d en el Sindicato de los Artistas en San Pablo, en una campa\u00f1a encabezada por L\u00e9lia Abramo y con la participaci\u00f3n de Cl\u00e1udio Mamberti.<\/p>\n<p>Ya en los a\u00f1os de 1990, cumpli\u00f3 un papel important\u00edsimo, te\u00f3rico, pol\u00edtico y pr\u00e1ctico en la cuesti\u00f3n de la emancipaci\u00f3n de las mujeres. Su libro, \u201cEl g\u00e9nero nos une, la clase nos divide\u201d, publicado en varios idiomas, es un referencial marxista de peso, que trasciende las fronteras del propio PSTU y de la LIT.<\/p>\n","protected":false},"excerpt":{"rendered":"<p>El PSTU fue construido en estos 22 a\u00f1os con mucho esfuerzo y abnegaci\u00f3n militante. Fueron a\u00f1os de lucha contra la burgues\u00eda, el imperialismo y la adaptaci\u00f3n de gran parte de la izquierda revolucionaria a los gabinetes parlamentarios.<\/p>\n","protected":false},"author":4,"featured_media":37477,"menu_order":0,"comment_status":"closed","ping_status":"open","sticky":false,"template":"","format":"standard","meta":{"jetpack_post_was_ever_published":false,"_jetpack_newsletter_access":"","_jetpack_dont_email_post_to_subs":false,"_jetpack_newsletter_tier_id":0,"_jetpack_memberships_contains_paywalled_content":false,"litci_post_political_author":"","_jetpack_memberships_contains_paid_content":false,"footnotes":""},"categories":[1],"tags":[4095,8261,8262],"class_list":["post-37472","post","type-post","status-publish","format-standard","has-post-thumbnail","hentry","category-archive","tag-convergencia-socialista","tag-homenaje-a-militantes","tag-pstu-militantes-asesinados-y-muertos"],"jetpack_featured_media_url":"https:\/\/i0.wp.com\/litci.org\/es\/wp-content\/uploads\/2016\/07\/cilinha2.jpg?fit=720%2C478&ssl=1","fimg_url":"https:\/\/i0.wp.com\/litci.org\/es\/wp-content\/uploads\/2016\/07\/cilinha2.jpg?fit=720%2C478&ssl=1","categories_names":["Archive"],"author_info":{"name":"Administraci\u00f3n Site","pic":"https:\/\/secure.gravatar.com\/avatar\/1fc4a65db396208ca881747f59a66a20c6b8670747457224753e1e98c43f719b?s=96&d=mm&r=g"},"political_author":null,"tagline":"","jetpack_sharing_enabled":true,"_links":{"self":[{"href":"https:\/\/litci.org\/es\/wp-json\/wp\/v2\/posts\/37472","targetHints":{"allow":["GET"]}}],"collection":[{"href":"https:\/\/litci.org\/es\/wp-json\/wp\/v2\/posts"}],"about":[{"href":"https:\/\/litci.org\/es\/wp-json\/wp\/v2\/types\/post"}],"author":[{"embeddable":true,"href":"https:\/\/litci.org\/es\/wp-json\/wp\/v2\/users\/4"}],"replies":[{"embeddable":true,"href":"https:\/\/litci.org\/es\/wp-json\/wp\/v2\/comments?post=37472"}],"version-history":[{"count":2,"href":"https:\/\/litci.org\/es\/wp-json\/wp\/v2\/posts\/37472\/revisions"}],"predecessor-version":[{"id":37491,"href":"https:\/\/litci.org\/es\/wp-json\/wp\/v2\/posts\/37472\/revisions\/37491"}],"wp:featuredmedia":[{"embeddable":true,"href":"https:\/\/litci.org\/es\/wp-json\/wp\/v2\/media\/37477"}],"wp:attachment":[{"href":"https:\/\/litci.org\/es\/wp-json\/wp\/v2\/media?parent=37472"}],"wp:term":[{"taxonomy":"category","embeddable":true,"href":"https:\/\/litci.org\/es\/wp-json\/wp\/v2\/categories?post=37472"},{"taxonomy":"post_tag","embeddable":true,"href":"https:\/\/litci.org\/es\/wp-json\/wp\/v2\/tags?post=37472"}],"curies":[{"name":"wp","href":"https:\/\/api.w.org\/{rel}","templated":true}]}}