{"id":35116,"date":"2016-04-08T09:58:06","date_gmt":"2016-04-08T11:58:06","guid":{"rendered":"http:\/\/litci.org\/es\/?p=35116"},"modified":"2016-04-21T11:20:37","modified_gmt":"2016-04-21T13:20:37","slug":"la-lucha-contra-el-machismo-es-una-tarea-del-movimiento-estudiantil","status":"publish","type":"post","link":"https:\/\/litci.org\/es\/la-lucha-contra-el-machismo-es-una-tarea-del-movimiento-estudiantil\/","title":{"rendered":"La lucha contra el machismo es una tarea del movimiento estudiantil"},"content":{"rendered":"<p><em>Desde ya hace unos a\u00f1os nos encontramos en medio de una gran inestabilidad pol\u00edtica y una profunda crisis econ\u00f3mica y social. Una crisis de alcance europeo y mundial que han generado los banqueros y los grandes empresarios pero que estamos pagando los trabajadores y las trabajadoras. Una crisis donde las que estamos saliendo m\u00e1s perjudicadas somos los sectores m\u00e1s discriminados y empobrecidos de la sociedad.<\/em><!--more--><\/p>\n<div class=\"post-content\">\n<p><em>Por Paola Garc\u00eda, estudiante UAB (Universidad Aut\u00f3noma de Barcelona)<\/em><\/p>\n<p>Los continuos planes de austeridad y \u201creformas\u201d que nos han aplicado hasta ahora los gobiernos de Rajoy y de Mas, como la reforma laboral, la de las pensiones, el aumento del IVA o los continuos recortes en educaci\u00f3n y en sanidad, nos han llevado a una precarizaci\u00f3n generalizada, en particular, de la juventud. Los nuevos gobiernos como el de Puigdemont-Junqueras, y tambi\u00e9n el de Ada Colau, se proclamen o no gobiernos del cambio, en lugar de negarse a aplicar estos planes y reformas y satisfacer las necesidades de la poblaci\u00f3n trabajadora, diciendo no al pago de la deuda, evidencian que son vasallos de las imposiciones de la UE y la Troika.<\/p>\n<h4><strong>Un contexto de cat\u00e1strofe social: la crisis tiene rostro de mujer<\/strong><\/h4>\n<p><a href=\"https:\/\/i0.wp.com\/www.corrienteroja.net\/wp-content\/uploads\/2016\/03\/20160319-agresiones-sexuales-en-sevilla.jpg\" rel=\"attachment wp-att-3241 noopener\" target=\"_blank\"><img data-recalc-dims=\"1\" loading=\"lazy\" decoding=\"async\" class=\"alignleft size-medium wp-image-3241\" src=\"https:\/\/i0.wp.com\/www.corrienteroja.net\/wp-content\/uploads\/2016\/03\/20160319-agresiones-sexuales-en-sevilla-300x176.jpg?resize=300%2C176\" sizes=\"auto, (max-width: 300px) 100vw, 300px\" srcset=\"http:\/\/www.corrienteroja.net\/wp-content\/uploads\/2016\/03\/20160319-agresiones-sexuales-en-sevilla-300x176.jpg 300w, http:\/\/www.corrienteroja.net\/wp-content\/uploads\/2016\/03\/20160319-agresiones-sexuales-en-sevilla-768x450.jpg 768w, http:\/\/www.corrienteroja.net\/wp-content\/uploads\/2016\/03\/20160319-agresiones-sexuales-en-sevilla.jpg 770w\" alt=\"20160319 agresiones sexuales en sevilla\" width=\"300\" height=\"176\" \/><\/a>Los sectores m\u00e1s oprimidos de la sociedad, como lo somos las mujeres, las inmigrantes o el colectivo LGTBI, somos quienes m\u00e1s estamos sufriendo las consecuencias de esta crisis devastadora. Las mujeres, que somos m\u00e1s del 50% de la poblaci\u00f3n, durante los dos primeros a\u00f1os de crisis sufrimos el 70% de los despidos. El 70% de los contratos que se hacen a mujeres son temporales o a tiempo parcial; la brecha salarial entre hombres y mujeres ha aumentado hasta el 24%, llegando hasta el 40% en el sector agr\u00edcola; nuestras pensiones son un 38% m\u00e1s bajas que las de los hombres y, encima, durante la crisis se ha recortado casi un 60% en las ayudas a mujeres maltratadas y en pol\u00edticas de igualdad, se ha agravado el acoso laboral, que no se denuncia por miedo, y se mantienen los despidos a mujeres embarazadas.<\/p>\n<h4><strong>Las estudiantes no nos salvamos de los recortes<\/strong><\/h4>\n<p>En este contexto de crisis econ\u00f3mica y social, los estudiantes y toda la comunidad educativa estamos sufriendo fuertes ataques y recortes. Si hace unos a\u00f1os nos enfrent\u00e1bamos a la LOU, una reforma educativa enmarcada dentro del Plan Bolonia, que ten\u00eda el objetivo de avanzar en la privatizaci\u00f3n de las universidades p\u00fablicas, actualmente nos enfrentamos al 3+2, un decreto que culmina el Plan Bolonia y que supondr\u00e1 un paso m\u00e1s en la elitizaci\u00f3n y la precarizaci\u00f3n de las universidades p\u00fablicas, conduciendo a una formaci\u00f3n m\u00e1s generalista de los grados. Los hijos e hijas de familias de clase trabajadora y de los sectores m\u00e1s empobrecidos de la Sociedad se quedar\u00e1n fuera de la especializaci\u00f3n universitaria, convirtiendo los estudios superiores en un privilegio para los m\u00e1s ricos.<\/p>\n<p>Ante el 3+2, igual que ante cualquier ataque a la clase trabajadora y la juventud, las mujeres somos quienes sufriremos m\u00e1s las consecuencias de esta reforma, al ser uno de los sectores m\u00e1s discriminados y empobrecidos. Con la subida de tasas y teniendo en cuenta que la mayor parte de los m\u00e1sters pasan a ser privados, las estudiantes y las trabajadoras, que sufrimos m\u00e1s paro y tenemos salarios m\u00e1s bajos y unas condiciones laborales m\u00e1s precarias, seremos un objetivo directo de esta reforma y las primeras a quedarnos sin poder estudiar.<\/p>\n<p>El 3+2 tiene el objetivo de poner, todav\u00eda m\u00e1s, la educaci\u00f3n al servicio del mercado y, por lo tanto, los grados que no sean rentables bajo una l\u00f3gica capitalista ser\u00e1n los m\u00e1s recortados, muchos de ellos eliminados o fusionados con otros. Es el caso de las humanidades o la educaci\u00f3n, grados donde la mayor parte de las estudiantes son mujeres y donde las salidas laborales son hacia el sector p\u00fablico donde las mujeres son casi un 70%.<\/p>\n<h4><strong>\u00bfQu\u00e9 movimiento estudiantil necesitamos?<\/strong><\/h4>\n<p><a href=\"https:\/\/i0.wp.com\/www.corrienteroja.net\/wp-content\/uploads\/2016\/04\/20160404-estudiants-catalunya-2.jpg\" rel=\"attachment wp-att-3346 noopener\" target=\"_blank\"><img data-recalc-dims=\"1\" loading=\"lazy\" decoding=\"async\" class=\"alignleft size-medium wp-image-3346\" src=\"https:\/\/i0.wp.com\/www.corrienteroja.net\/wp-content\/uploads\/2016\/04\/20160404-estudiants-catalunya-2-300x200.jpg?resize=300%2C200\" sizes=\"auto, (max-width: 300px) 100vw, 300px\" srcset=\"http:\/\/www.corrienteroja.net\/wp-content\/uploads\/2016\/04\/20160404-estudiants-catalunya-2-300x200.jpg 300w, http:\/\/www.corrienteroja.net\/wp-content\/uploads\/2016\/04\/20160404-estudiants-catalunya-2-768x512.jpg 768w, http:\/\/www.corrienteroja.net\/wp-content\/uploads\/2016\/04\/20160404-estudiants-catalunya-2.jpg 960w\" alt=\"20160404 estudiants catalunya 2\" width=\"300\" height=\"200\" \/><\/a>Ante estos ataques, tenemos la tarea de construir un movimiento social de resistencia que se enfrente a cada recorte y a la precariedad a la que estamos sometidos.<\/p>\n<p>Lo primero que tenemos que hacer los estudiantes para enfrentar el 3+2 es dar un paso adelante en la construcci\u00f3n del movimiento estudiantil. Necesitamos avanzar en nuestra organizaci\u00f3n para conseguir un movimiento masivo (que aglutine al m\u00e1ximo de estudiantes posible y que, por lo tanto, sea representativo), democr\u00e1tico (que involucre a todo el estudiantado en la toma de las decisiones que le afecten, como, por ejemplo, votando las huelgas clase por clase) y, por \u00faltimo, igualitario.<\/p>\n<p>Necesitamos un movimiento que luche contra todo tipo de opresi\u00f3n, contra la homofobia o el racismo y contra el machismo: las mujeres somos m\u00e1s de la mitad de la poblaci\u00f3n y m\u00e1s de la mitad de la comunidad educativa y solamente en la UAB somos el 60% de las estudiantes. As\u00ed pues, sin las mujeres no puede existir un movimiento estudiantil ni masivo ni representativo.<\/p>\n<p>Las estudiantes tenemos que combatir el machismo en todos los espacios de lucha, en todas las asambleas y en cualquier \u00f3rgano de representaci\u00f3n estudiantil, ya que el machismo divide el movimiento estudiantil y lo debilita. Si los estudiantes de conjunto damos una fuerte batalla al machismo dentro y fuera del movimiento de lucha conseguiremos construir un movimiento estudiantil fuerte, unido y combativo.<\/p>\n<p>La lucha contra el machismo no es, por lo tanto, una lucha que solo tengamos que hacer las mujeres: nosotras tenemos que estar en la vanguardia pero es una tarea de todo el movimiento estudiantil de conjunto. Los estudiantes tenemos que tomar la lucha feminista como inseparable de la lucha estudiantil porque ambas van de la mano y juntas toman m\u00e1s fuerza.<\/p>\n<h4><strong>\u00a1Luchemos contra el 3+2 y contra el machismo!<\/strong><\/h4>\n<h4><strong>\u00a1Construyamos asambleas masivas, democr\u00e1ticas, representativas y que combatan todo tipo de opresi\u00f3n!<\/strong><\/h4>\n<h4><strong>\u00a1Defendamos la educaci\u00f3n p\u00fablica, gratuita, de calidad, laica, igualitaria y en catal\u00e1n!<\/strong><\/h4>\n<\/div>\n","protected":false},"excerpt":{"rendered":"<p>Desde ya hace unos a\u00f1os nos encontramos en medio de una gran inestabilidad pol\u00edtica y una profunda crisis econ\u00f3mica y social. Una crisis de alcance europeo y mundial que han generado los banqueros y los grandes empresarios pero que estamos pagando los trabajadores y las trabajadoras. Una crisis donde las que estamos saliendo m\u00e1s perjudicadas [&hellip;]<\/p>\n","protected":false},"author":5,"featured_media":35120,"menu_order":0,"comment_status":"closed","ping_status":"open","sticky":false,"template":"","format":"standard","meta":{"jetpack_post_was_ever_published":false,"_jetpack_newsletter_access":"","_jetpack_dont_email_post_to_subs":false,"_jetpack_newsletter_tier_id":0,"_jetpack_memberships_contains_paywalled_content":false,"litci_post_political_author":"","_jetpack_memberships_contains_paid_content":false,"footnotes":""},"categories":[2779,2697,2739,2738],"tags":[2851,3059,3601,5305,2924],"class_list":["post-35116","post","type-post","status-publish","format-standard","has-post-thumbnail","hentry","category-catalunya","category-estado-espanol","category-juventud","category-mujeres","tag-espana","tag-juventud-2","tag-machismo","tag-movimiento-estudiantil","tag-opresion"],"jetpack_featured_media_url":"https:\/\/i0.wp.com\/litci.org\/es\/wp-content\/uploads\/2016\/04\/mujer-catalu%C3%B1a.jpg?fit=750%2C350&ssl=1","fimg_url":"https:\/\/i0.wp.com\/litci.org\/es\/wp-content\/uploads\/2016\/04\/mujer-catalu%C3%B1a.jpg?fit=750%2C350&ssl=1","categories_names":["Catalunya","Estado Espa\u00f1ol","Juventud","Mujeres"],"author_info":{"name":"Kely","pic":"https:\/\/secure.gravatar.com\/avatar\/19003bf6219614b90207b39bd4a2733ce9cf96693efdfd639b15a829beed53d1?s=96&d=mm&r=g"},"political_author":null,"tagline":"","jetpack_sharing_enabled":true,"_links":{"self":[{"href":"https:\/\/litci.org\/es\/wp-json\/wp\/v2\/posts\/35116","targetHints":{"allow":["GET"]}}],"collection":[{"href":"https:\/\/litci.org\/es\/wp-json\/wp\/v2\/posts"}],"about":[{"href":"https:\/\/litci.org\/es\/wp-json\/wp\/v2\/types\/post"}],"author":[{"embeddable":true,"href":"https:\/\/litci.org\/es\/wp-json\/wp\/v2\/users\/5"}],"replies":[{"embeddable":true,"href":"https:\/\/litci.org\/es\/wp-json\/wp\/v2\/comments?post=35116"}],"version-history":[{"count":7,"href":"https:\/\/litci.org\/es\/wp-json\/wp\/v2\/posts\/35116\/revisions"}],"predecessor-version":[{"id":35326,"href":"https:\/\/litci.org\/es\/wp-json\/wp\/v2\/posts\/35116\/revisions\/35326"}],"wp:featuredmedia":[{"embeddable":true,"href":"https:\/\/litci.org\/es\/wp-json\/wp\/v2\/media\/35120"}],"wp:attachment":[{"href":"https:\/\/litci.org\/es\/wp-json\/wp\/v2\/media?parent=35116"}],"wp:term":[{"taxonomy":"category","embeddable":true,"href":"https:\/\/litci.org\/es\/wp-json\/wp\/v2\/categories?post=35116"},{"taxonomy":"post_tag","embeddable":true,"href":"https:\/\/litci.org\/es\/wp-json\/wp\/v2\/tags?post=35116"}],"curies":[{"name":"wp","href":"https:\/\/api.w.org\/{rel}","templated":true}]}}