{"id":30041,"date":"2015-10-04T11:15:32","date_gmt":"2015-10-04T14:15:32","guid":{"rendered":"http:\/\/litci.org\/es\/?p=30041"},"modified":"2015-10-04T11:19:09","modified_gmt":"2015-10-04T14:19:09","slug":"ayotzinapa-dia-de-la-indignacion","status":"publish","type":"post","link":"https:\/\/litci.org\/es\/ayotzinapa-dia-de-la-indignacion\/","title":{"rendered":"Ayotzinapa: D\u00eda de la indignaci\u00f3n"},"content":{"rendered":"<p><em>Este 26 de septiembre se cumpli\u00f3 un a\u00f1o de la desaparici\u00f3n de los 43 normalistas mexicanos en manos de las fuerzas armadas del presidente Pe\u00f1a Nieto. Es por eso que las calles del DF se inundaron de gente que sali\u00f3 a reclamar nuevamente por la aparici\u00f3n de los estudiantes y de las 26 mil personas que faltan en M\u00e9xico por la puja entre el Estado y los narcos. Al canto de \u201cEl cielo est\u00e1 llorando porque nos faltan 43 y miles de desaparecidos\u201d, ni la lluvia pudo aplacar una caminata que dur\u00f3 horas hasta llegar al Z\u00f3calo.<\/em><br \/>\n<!--more--><\/p>\n<p>Por: Nazarena Luna &#8211; Juventud del PSTU<\/p>\n<p><strong>Por qu\u00e9 desaparecieron<\/strong><\/p>\n<p>En M\u00e9xico, las escuelas rurales, al igual que en muchos pa\u00edses de Latinoam\u00e9rica, tienen presupuestos muy bajos en comparaci\u00f3n con las escuelas y universidades urbanas. Cada a\u00f1o, desde hace d\u00e9cadas, los normalistas rurales se deb\u00edan manifestar en contra del\u00a0recorte a su presupuesto, reclamar por infraestructura, y en contra de la aplicaci\u00f3n de los planes neoliberales que propagan los gobiernos a lo largo y ancho de Am\u00e9rica\u00a0Latina.<\/p>\n<p>A estas escuelas asisten los sectores m\u00e1s pobres del pa\u00eds, que con una tradici\u00f3n de lucha desde los a\u00f1os \u00b430 se organizan para reclamar por becas y por el ingreso de m\u00e1s estudiantes a las sedes.<\/p>\n<p>En setiembre del a\u00f1o pasado, los alumnos de la Escuela Normal Rural Ra\u00fal Isidro Burgos del pueblo de Ayotzinapa viajaron a la ciudad de Iguala, donde fueron reprimidos y desaparecidos por la polic\u00eda del Estado de Guerrero, la Federal y el Ej\u00e9rcito.<\/p>\n<p>D\u00edas despu\u00e9s, hallaron el \u00fanico cuerpo que se encontr\u00f3 hasta ahora, el de Julio C\u00e9sar Mondrag\u00f3n Fontes (estudiante de 22 a\u00f1os) con los ojos arrancados y con se\u00f1ales de tortura. Hasta el presente, por este caso, no hay dictada una sola sentencia.<\/p>\n<p>El gobierno de Pe\u00f1a Nieto y sus socios de Iguala est\u00e1n impunes, as\u00ed como todas las fuerzas represivas que ellos dirigen y su \u00fanica respuesta ha sido la de culpar a los narcos de la desaparici\u00f3n forzada de los 43.<\/p>\n<p><strong>Que paguen todos los culpables<\/strong><\/p>\n<p>La masacre de Ayotzinapa viene a engrosar una larga lista de casos impunes que existe en el pa\u00eds. No debemos olvidar que M\u00e9xico es la frontera con los Estados Unidos, all\u00ed el capitalismo tambi\u00e9n muestra su verdadera cara: la desaparici\u00f3n de personas, la trata, los\u00a0asesinatos a los que intentan cruzar la frontera, las cientos de f\u00e1bricas en las peores condiciones de explotaci\u00f3n y un sinf\u00edn de males que sufren los trabajadores y los sectores m\u00e1s pobres de la poblaci\u00f3n.<\/p>\n<p>A partir de la movilizaci\u00f3n de familiares de los estudiantes, y la gran repercusi\u00f3n internacional que tuvo el caso, se encontraron una decena de fosas comunes en la ciudad, y comenzaron a destaparse los acuerdos entre el gobierno mexicano y la mafia del narcotr\u00e1fico. Es por eso que Pe\u00f1a Nieto es responsable de la desaparici\u00f3n de los 43 estudiantes y de los negociados del gobierno con los narcos y el imperialismo con los\u00a0que castigan al pueblo.<\/p>\n<p>Por eso, junto a la movilizaci\u00f3n popular y los familiares de las v\u00edctimas exigimos el castigo a todos los culpables de la masacre de Ayotzinapa, empezando por Pe\u00f1a Nieto.<\/p>\n<p><strong>No es solo M\u00e9xico<\/strong><\/p>\n<p>En la \u00faltima semana, los gobiernos latinoamericanos han dado muestra de qu\u00e9 lado tienen sus intereses.<\/p>\n<ul>\n<li>En Uruguay, el Frente Amplio con Tabar\u00e9 V\u00e1zquez a la cabeza, desaloj\u00f3 brutalmente la ocupaci\u00f3n que manten\u00edan los estudiantes de la Coordinadora de Estudiantes de Ense\u00f1anza Media en el Consejo Directivo Central de la Administraci\u00f3n Nacional de Educaci\u00f3n P\u00fablica. El saldo fueron 12 detenidos y varios heridos, algunos de gravedad. Al d\u00eda siguiente, un paro de 24 hs convocado por docentes y estudiantes, logr\u00f3 la liberaci\u00f3n de los detenidos.<\/li>\n<li>En el vecino pa\u00eds de Paraguay, fue justamente en esta semana, cuando present\u00f3 su renuncia el rector de la Universidad Nacional de Asunci\u00f3n, Froil\u00e1n Peralta, al verse implicado en casos de corrupci\u00f3n y malversaci\u00f3n de fondos. Esto se logr\u00f3 gracias a la acampada y movilizaciones que ven\u00edan realizando los estudiantes hac\u00eda varias semanas. A partir de esto, los casos de corrupci\u00f3n dentro de la universidad, avalados por el gobierno nacional, est\u00e1n saltando por los aires.<\/li>\n<li>En Chile, hace a\u00f1os que los estudiantes secundarios y universitarios vienen luchando por educaci\u00f3n p\u00fablica y gratuita, en contra de los planes imperialistas que aplica el gobierno de Michelle Bachelet. Hasta ahora, como sabemos, la respuesta del gobierno ha sido la sistem\u00e1tica y brutal represi\u00f3n que atenta contra la vida de los j\u00f3venes y que ya tiene miles de procesados y varias v\u00edctimas.<\/li>\n<\/ul>\n<p>Por todo eso es hoy m\u00e1s importante que nunca unir las luchas y los reclamos de los trabajadores y los estudiantes de toda Latinoam\u00e9rica y el mundo para enfrentar el ajuste de los gobiernos.<\/p>\n<p>Art\u00edculo publicado en\u00a0<em>Avanzada Socialista<\/em>\u00a0n.\u00b0 96, 30 de setiembre de 2015.-<\/p>\n<p>Lea este y otros art\u00edculos relacionados en:\u00a0<a href=\"http:\/\/www.pstu.com.ar\/\" target=\"_blank\" rel=\"noopener\">www.pstu.com.ar<\/a><\/p>\n","protected":false},"excerpt":{"rendered":"<p>Este 26 de septiembre se cumpli\u00f3 un a\u00f1o de la desaparici\u00f3n de los 43 normalistas mexicanos en manos de las fuerzas armadas del presidente Pe\u00f1a Nieto. Es por eso que las calles del DF se inundaron de gente que sali\u00f3 a reclamar nuevamente por la aparici\u00f3n de los estudiantes y de las 26 mil personas [&hellip;]<\/p>\n","protected":false},"author":4,"featured_media":30115,"menu_order":0,"comment_status":"closed","ping_status":"open","sticky":false,"template":"","format":"standard","meta":{"jetpack_post_was_ever_published":false,"_jetpack_newsletter_access":"","_jetpack_dont_email_post_to_subs":false,"_jetpack_newsletter_tier_id":0,"_jetpack_memberships_contains_paywalled_content":false,"litci_post_political_author":"","_jetpack_memberships_contains_paid_content":false,"footnotes":""},"categories":[2739,2685,2654],"tags":[5904,5903,5732,5488,5902],"class_list":["post-30041","post","type-post","status-publish","format-standard","has-post-thumbnail","hentry","category-juventud","category-mexico","category-pstu-argentina","tag-estudiantes-desaparecidos","tag-estudiantes-y-represion","tag-gobierno-pena-nieto","tag-juventud-estudiantil","tag-mexico-ayotzinapa"],"jetpack_featured_media_url":"https:\/\/i0.wp.com\/litci.org\/es\/wp-content\/uploads\/2015\/10\/marcha-Ayotzinapa.jpg?fit=630%2C330&ssl=1","fimg_url":"https:\/\/i0.wp.com\/litci.org\/es\/wp-content\/uploads\/2015\/10\/marcha-Ayotzinapa.jpg?fit=630%2C330&ssl=1","categories_names":["Juventud","M\u00e9xico","PSTU - Argentina"],"author_info":{"name":"Administraci\u00f3n Site","pic":"https:\/\/secure.gravatar.com\/avatar\/1fc4a65db396208ca881747f59a66a20c6b8670747457224753e1e98c43f719b?s=96&d=mm&r=g"},"political_author":null,"tagline":"","jetpack_sharing_enabled":true,"_links":{"self":[{"href":"https:\/\/litci.org\/es\/wp-json\/wp\/v2\/posts\/30041","targetHints":{"allow":["GET"]}}],"collection":[{"href":"https:\/\/litci.org\/es\/wp-json\/wp\/v2\/posts"}],"about":[{"href":"https:\/\/litci.org\/es\/wp-json\/wp\/v2\/types\/post"}],"author":[{"embeddable":true,"href":"https:\/\/litci.org\/es\/wp-json\/wp\/v2\/users\/4"}],"replies":[{"embeddable":true,"href":"https:\/\/litci.org\/es\/wp-json\/wp\/v2\/comments?post=30041"}],"version-history":[{"count":9,"href":"https:\/\/litci.org\/es\/wp-json\/wp\/v2\/posts\/30041\/revisions"}],"predecessor-version":[{"id":30121,"href":"https:\/\/litci.org\/es\/wp-json\/wp\/v2\/posts\/30041\/revisions\/30121"}],"wp:featuredmedia":[{"embeddable":true,"href":"https:\/\/litci.org\/es\/wp-json\/wp\/v2\/media\/30115"}],"wp:attachment":[{"href":"https:\/\/litci.org\/es\/wp-json\/wp\/v2\/media?parent=30041"}],"wp:term":[{"taxonomy":"category","embeddable":true,"href":"https:\/\/litci.org\/es\/wp-json\/wp\/v2\/categories?post=30041"},{"taxonomy":"post_tag","embeddable":true,"href":"https:\/\/litci.org\/es\/wp-json\/wp\/v2\/tags?post=30041"}],"curies":[{"name":"wp","href":"https:\/\/api.w.org\/{rel}","templated":true}]}}