{"id":29394,"date":"2015-09-22T10:15:51","date_gmt":"2015-09-22T13:15:51","guid":{"rendered":"http:\/\/litci.org\/es\/?p=29394"},"modified":"2015-09-22T10:37:29","modified_gmt":"2015-09-22T13:37:29","slug":"justicia-por-ana-maria-martinez-un-paso-adelante-contra-la-impunidad","status":"publish","type":"post","link":"https:\/\/litci.org\/es\/justicia-por-ana-maria-martinez-un-paso-adelante-contra-la-impunidad\/","title":{"rendered":"Justicia por Ana Mar\u00eda Mart\u00ednez: un paso adelante contra la impunidad"},"content":{"rendered":"<p><em>Luego de tres a\u00f1os de buscar viejos compa\u00f1eros para que aportaran a la causa, de realizar much\u00edsimas actividades rei<\/em><em>vindicando<\/em> <em>a Ana Mar\u00eda, juntando firmas,<\/em> <em>exigiendo a la justicia que nos diera au<\/em><em>diencia, la Comisi\u00f3n de Familiares, Amigos y Compa\u00f1eros de Ana Mar\u00eda, junto con las organizaciones pol\u00edticas que la apoyamos, logramos que la justicia llame a declaraci\u00f3n indagatoria a cuatro de los posibles responsables del secuestro y asesinato de nuestra compa\u00f1era en 1982.<\/em><\/p>\n<p><!--more--><\/p>\n<p>Por: Marga<\/p>\n<p>Estos cuatro genocidas est\u00e1n con prisi\u00f3n domiciliaria por otras causas, como el \u201cOperativo Retorno\u201d, y se niegan a declarar respetando el pacto de silencio que han hecho. Ra\u00fal Guillermo Pascual Mu\u00f1os, ex jefe del departamento de Personal del Estado Mayor del Comando de Instituto Militar, detenido por otros 100 cr\u00edmenes de lesa humanidad, nos sac\u00f3 la lengua a todos los que est\u00e1bamos en la puerta del Juzgado, dej\u00e1ndonos una postal clara de la impunidad con la cual se han manejado estos asesinos por casi 40 a\u00f1os.<\/p>\n<p>A pesar de que N\u00e9stor Kirchner descolg\u00f3 el cuadro de Videla, todav\u00eda son miles los culpables de desaparecer, torturar y asesinar a trabajadores y luchadores que siguen impunes. Esta es una deuda con todos los compa\u00f1eros asesinados.<\/p>\n<p>Como dijimos en la puerta del juzgado en el acto que se realiz\u00f3 este 15 de septiembre: \u201cSin duda, si Ana Mar\u00eda estuviera viva, hubiese estado junto a los choferes de la 60 enfrentando la represi\u00f3n del Gobierno\u201d.<\/p>\n<p>Los que conocimos a Ana Mar\u00eda, recordamos su pasi\u00f3n por la militancia y la alegr\u00eda que le daba dedicar su vida a pelear por el socialismo. Y siguiendo su lucha, desde el PSTU, no confiamos en la justicia burguesa, llena de jueces c\u00f3mplices y corruptos, y vamos a seguir peleando por el juicio y castigo a los responsables, poniendo el cuerpo en la calle, moviliz\u00e1ndonos, y acompa\u00f1ando las luchas que se vengan.<\/p>\n<p>Tenemos que movilizarnos para exigirle a este gobierno que se dice defensor de los derechos humanos que destine los recursos necesarios para encontrar a los culpables y garantizar su juicio y castigo.<\/p>\n<p>En ese sentido, hacemos nuestra la convocatoria de la Comisi\u00f3n de Familiares, Amigos y Compa\u00f1eros de Ana Mar\u00eda, para movilizar al Consejo de la Magistratura el pr\u00f3ximo 15 de octubre para reclamar que se nombren jueces y se tomen las medidas necesarias para que se muevan las causas que hace a\u00f1os est\u00e1n paradas.<\/p>\n<p>Art\u00edculo publicado en <em>Avanzada Socialista<\/em> n.\u00b0 95, 16 de setiembre de 2015.-<\/p>\n<p>Lea este y otros art\u00edculos relacionados en: <a href=\"http:\/\/www.pstu.com.ar\" target=\"_blank\" rel=\"noopener\">www.pstu.com.ar<\/a><\/p>\n<p>&nbsp;<\/p>\n","protected":false},"excerpt":{"rendered":"<p>Luego de tres a\u00f1os de buscar viejos compa\u00f1eros para que aportaran a la causa, de realizar much\u00edsimas actividades reivindicando a Ana Mar\u00eda, juntando firmas, exigiendo a la justicia que nos diera audiencia, la Comisi\u00f3n de Familiares, Amigos y Compa\u00f1eros de Ana Mar\u00eda, junto con las organizaciones pol\u00edticas que la apoyamos, logramos que la justicia llame [&hellip;]<\/p>\n","protected":false},"author":4,"featured_media":29395,"menu_order":0,"comment_status":"closed","ping_status":"open","sticky":false,"template":"","format":"standard","meta":{"jetpack_post_was_ever_published":false,"_jetpack_newsletter_access":"","_jetpack_dont_email_post_to_subs":false,"_jetpack_newsletter_tier_id":0,"_jetpack_memberships_contains_paywalled_content":false,"litci_post_political_author":"","_jetpack_memberships_contains_paid_content":false,"footnotes":""},"categories":[2652,2654],"tags":[5695,2838,5696,5699,5697,5698],"class_list":["post-29394","post","type-post","status-publish","format-standard","has-post-thumbnail","hentry","category-argentina","category-pstu-argentina","tag-ana-maria-martinez","tag-argentina-2","tag-genocidio-y-dictadura-argentina","tag-jucio-y-castigo-a-los-asesinos-de-ana-maria","tag-justicia-burguesa","tag-ultima-victima-de-la-dictadura-argentina"],"jetpack_featured_media_url":"https:\/\/i0.wp.com\/litci.org\/es\/wp-content\/uploads\/2015\/09\/ana-maria-martinez.jpg?fit=800%2C470&ssl=1","fimg_url":"https:\/\/i0.wp.com\/litci.org\/es\/wp-content\/uploads\/2015\/09\/ana-maria-martinez.jpg?fit=800%2C470&ssl=1","categories_names":["Argentina","PSTU - Argentina"],"author_info":{"name":"Administraci\u00f3n Site","pic":"https:\/\/secure.gravatar.com\/avatar\/1fc4a65db396208ca881747f59a66a20c6b8670747457224753e1e98c43f719b?s=96&d=mm&r=g"},"political_author":null,"tagline":"","jetpack_sharing_enabled":true,"_links":{"self":[{"href":"https:\/\/litci.org\/es\/wp-json\/wp\/v2\/posts\/29394","targetHints":{"allow":["GET"]}}],"collection":[{"href":"https:\/\/litci.org\/es\/wp-json\/wp\/v2\/posts"}],"about":[{"href":"https:\/\/litci.org\/es\/wp-json\/wp\/v2\/types\/post"}],"author":[{"embeddable":true,"href":"https:\/\/litci.org\/es\/wp-json\/wp\/v2\/users\/4"}],"replies":[{"embeddable":true,"href":"https:\/\/litci.org\/es\/wp-json\/wp\/v2\/comments?post=29394"}],"version-history":[{"count":7,"href":"https:\/\/litci.org\/es\/wp-json\/wp\/v2\/posts\/29394\/revisions"}],"predecessor-version":[{"id":29437,"href":"https:\/\/litci.org\/es\/wp-json\/wp\/v2\/posts\/29394\/revisions\/29437"}],"wp:featuredmedia":[{"embeddable":true,"href":"https:\/\/litci.org\/es\/wp-json\/wp\/v2\/media\/29395"}],"wp:attachment":[{"href":"https:\/\/litci.org\/es\/wp-json\/wp\/v2\/media?parent=29394"}],"wp:term":[{"taxonomy":"category","embeddable":true,"href":"https:\/\/litci.org\/es\/wp-json\/wp\/v2\/categories?post=29394"},{"taxonomy":"post_tag","embeddable":true,"href":"https:\/\/litci.org\/es\/wp-json\/wp\/v2\/tags?post=29394"}],"curies":[{"name":"wp","href":"https:\/\/api.w.org\/{rel}","templated":true}]}}