{"id":14605,"count":119,"description":"Por todo el mundo est\u00e1n creciendo las manifestaciones en defensa del medio ambiente. En el primer semestre de 2019 los estudiantes salieron a las calles contra la crisis clim\u00e1tica, en agosto ocurren actos en varios pa\u00edses en defensa de la Amazonia, y en setiembre tendremos una semana de movilizaci\u00f3n mundial.\r\n\r\nLa crisis clim\u00e1tica es innegable y con consecuencias dr\u00e1sticas, y entonces es fundamental que debatamos c\u00f3mo ella puede ser frenada.\r\nEn todo el mundo, los sucesivos gobiernos y multinacionales demuestran que el capitalismo destruye el planeta, pues para ellos las ganancias est\u00e1n por encima de todo.\r\n\r\nEs por eso que nosotros, de la Liga Internacional de los Trabajadores, defendemos que solo con la superaci\u00f3n del capitalismo y con la construcci\u00f3n de una sociedad socialista solucionaremos la crisis ambiental que vivimos.\r\n\r\nEs al servicio de este debate que lanzamos este especial.\r\n","link":"https:\/\/litci.org\/es\/category\/especial\/crisis-climatica-y-ambiental\/","name":"Crisis clim\u00e1tica y ambiental","slug":"crisis-climatica-y-ambiental","taxonomy":"category","parent":2791,"meta":[],"_links":{"self":[{"href":"https:\/\/litci.org\/es\/wp-json\/wp\/v2\/categories\/14605","targetHints":{"allow":["GET"]}}],"collection":[{"href":"https:\/\/litci.org\/es\/wp-json\/wp\/v2\/categories"}],"about":[{"href":"https:\/\/litci.org\/es\/wp-json\/wp\/v2\/taxonomies\/category"}],"up":[{"embeddable":true,"href":"https:\/\/litci.org\/es\/wp-json\/wp\/v2\/categories\/2791"}],"wp:post_type":[{"href":"https:\/\/litci.org\/es\/wp-json\/wp\/v2\/posts?categories=14605"}],"curies":[{"name":"wp","href":"https:\/\/api.w.org\/{rel}","templated":true}]}}