{"id":73618,"date":"2024-01-25T18:09:38","date_gmt":"2024-01-25T18:09:38","guid":{"rendered":"https:\/\/litci.org\/en\/?p=73618"},"modified":"2024-01-25T18:09:40","modified_gmt":"2024-01-25T18:09:40","slug":"guatemala-preparing-the-resistance-against-the-arevalo-herrera-government","status":"publish","type":"post","link":"https:\/\/litci.org\/en\/guatemala-preparing-the-resistance-against-the-arevalo-herrera-government\/","title":{"rendered":"Guatemala: Preparing the Resistance Against the Ar\u00e9valo-Herrera Government"},"content":{"rendered":"\n<p><strong>A Failed Institutional Coup<\/strong><\/p>\n\n\n\n<p>Between January 14 and 15, Bernardo Ar\u00e9valo and Karin Herrera of the Semilla party took over the government of Guatemala. The formal ceremony of the transfer of power was delayed for almost 10 hours, not for technical reasons, but because the political forces allied with Alejandro Giammattei, known in Guatemala as the &#8220;corrupt pact,\u201d tried until the last minute to prevent Ar\u00e9valo and Herrera from becoming president and vice president.<\/p>\n\n\n\n<p>By PT &#8211; Costa Rica<\/p>\n\n\n\n<p>On January 14 and 15, the different forms of political crisis that Guatemala has been experiencing since the unexpected victory of the Semilla party in the first round of the elections in mid-2003 were made manifest.<\/p>\n\n\n\n<p>On January 14, the outgoing congressional board, controlled by Giammattei and supported by an order from Judge Freddy Orellana, tried to prevent the formation of a new congressional board. Their goal was to prevent the new Congress from swearing in Ar\u00e9valo and Herrera.<\/p>\n\n\n\n<p>The maneuver involved leaving some UNE (2) and CABAL (1) deputies without credentials and declaring Semilla non-existent and its 23 deputies as independents, thus preventing them from gaining control of Congress. The maneuver failed because Semilla and its allies in Congress were able to regain their legal status and keep control of Congress, obtaining 92 votes out of 160 deputies. This Congress was the one that swore in Ar\u00e9valo and Herrera at midnight, without the presence of Alejandro Giammattei.<\/p>\n\n\n\n<p><strong>The Forces that Acted on January 14<\/strong><\/p>\n\n\n\n<p>The boycott of the formation of the new congressional board was the last of many maneuvers that the &#8220;corrupt pact&#8221; has tried to use. This fraction of the oligarchy has used the judiciary, the Public Ministry, and a sector of the police to try to annul the first round of elections. This was undoubtedly an attempt to achieve an institutional coup d&#8217;\u00e9tat and the establishment of a Bonapartist and dictatorial regime in Guatemala, similar to those in El Salvador and Nicaragua. The names associated with this coup attempt are Consuelo Porras, Freddy Orellana, Rafael Currichiche, and Alejandro Giammattei.<\/p>\n\n\n\n<p>Although this political gamble succeeded in weakening and deeply compromising the Ar\u00e9valo-Herrera government, it did not achieve its coup objective. Three central factors combined to prevent it: 1) the popular and democratic mobilization of youth, women, and indigenous peoples, 2) the policy of U.S. and European imperialism to reject the coup and bet on &#8220;democratic stability,&#8221; and 3) the agreement of a section of the oligarchy to govern together with Ar\u00e9valo.<\/p>\n\n\n\n<p><strong>Popular Mobilization<\/strong><\/p>\n\n\n\n<p>Of all the elements, the most decisive was the popular mobilization. Lasting 105 days with ups and downs, elements of the popular mobilization continued, reaching their peak in October 2023 with at least one hundred blockades throughout the country. The blockades were dismantled with a combination of police provocations, repression, and pressure from CACIF (the business union).<\/p>\n\n\n\n<p>From then on, there was a decline in mobilizations, which continued in the form of vigils in front of the Public Ministry and other demonstrations; but the central element was the people, who never fully demobilized. The transfer of power, which is a formal ritual in bourgeois democracies, was possible because there was a popular mobilization &#8220;in situ&#8221; that deactivated the January 14 maneuver, broke through the police fences, put pressure on Parliament, and undoubtedly encouraged Semilla to confront the institutional coup prepared by Giamattei in Congress.<\/p>\n\n\n\n<p>Today, the main task of the Social Democratic government of Ar\u00e9valo is to deactivate the popular movement, so that it will not be an active factor in politics as it was over the past 105 days. It is essential that the left and the Guatemalan popular movement understand that any possibility of advancing in democratic and social measures depends on maintaining absolute independence from the government of Ar\u00e9valo and Herrera, from the first moment on.<\/p>\n\n\n\n<p><strong>The Democratic Response<\/strong><\/p>\n\n\n\n<p>The other key element is geopolitical, and found in the attitude of U.S. and European imperialism and its institutions such as the UN and the OAS. Ar\u00e9valo relied mainly on this support and not on the popular mobilization as his main ally. The United States and the European Union have three central focuses of attention: Ukraine, Gaza, and Yemen. All three represent deep political crises that are costing them millions of dollars, and it means that all of their attention is on foreign policy. While at the same time, in terms of domestic policy, the U.S. government is preparing for an election in which Joe Biden is behind in the polls.<\/p>\n\n\n\n<p>The reason why the two imperialisms tolerated two dictatorships (El Salvador and Nicaragua), but did not accept an attempted coup in Guatemala, seems to be because it was too risky a gamble that could politically destabilize the entire region (Guatemala is the main country of the isthmus) and probably spill over into southern Mexico.<\/p>\n\n\n\n<p>That is why the United States and the OAS were so adamant that the Ar\u00e9valo-Herrera government be allowed to come to power. On January 10, at the meeting of the Permanent Council of the Organization of American States, Alejandro Giammattei stated, &#8220;A government (&#8230;) unilaterally and without allowing the possibility of defending itself against the accusations against it, dared to suspend the visas of more than 100 deputies of the Congress of the Republic, simply because they were doing their duty.&#8221; The following day, January 11, Brian A. Nichols, U.S. Assistant Secretary of State for Western Hemisphere Affairs, responded that &#8220;Under U.S. law, we have an obligation to sanction those who obstruct democracy or promote corruption. We have witnessed corrupt acts by a disturbing number of members of the Guatemalan Congress and have been compelled to act to promote Guatemala&#8217;s democratic transition.&#8221;<\/p>\n\n\n\n<p>Through diplomatic pressure and personal sanctions against a few dozen politicians, the United States has tried to signal its disagreement with Giammattei&#8217;s efforts to remain in power, but that is as far as it would go. In colonial countries like those of Central America, the possibility of the triumph of an authoritarian coup requires the willingness of U.S. imperialism to encourage, tolerate, or conceal it. The political conditions for this did not exist at the time, but this does not mean that they will not occur in the future. It is not impossible that in a few months the Guatemalan right wing will attempt a soft coup similar to the one that ousted Castillo in Peru, which was applauded and tolerated throughout the continent. Imperialism does not care whether it works with dictatorships or bourgeois democracies, the only thing it is interested in is the best conditions for exploiting our peoples.<\/p>\n\n\n\n<p><strong>A Government with Elements of Class Conciliation<\/strong><\/p>\n\n\n\n<p>The third element, and the one that explains why imperialism and a sector of the Guatemalan oligarchy see the Ar\u00e9valo-Herrera government as tolerable, is that it is a government with features of class collaboration that will allow them to try to calm mobilizations and popular indignation.<\/p>\n\n\n\n<p>The Ar\u00e9valo government has an indigenous minister, Labor Minister Miriam Roquel, and also has an ally in the Winaq-URNG deputy, Sonia Gutierrez Raguay, as part of the executive board of the new Congress. All of these figures are deeply integrated into the Guatemalan establishment, but they are &#8220;the left&#8221; in the eyes of the restive right. The cabinet also includes professional political personnel from the Semilla and independent sectors, giving an image of &#8220;renovation&#8221; and &#8220;technical professionalism.&#8221;<\/p>\n\n\n\n<p>But the real tone of the government will be set by the ministers who come from the traditional political parties and the CACIF. For example, Carlos Ramiro Mart\u00ednez Alvarado, Minister of Foreign Affairs, was part of Giammattei&#8217;s cabinet and has been part of several governments, ensuring that foreign policy does not deviate from the dictates of the U.S. State Department. Francisco Jim\u00e9nez, Minister of the Interior, was part of \u00c1lvaro Colom&#8217;s cabinet in 2008.<\/p>\n\n\n\n<p>But the two ministers linked to the powerful business union CACIF stand out. Jazm\u00edn de la Vega &#8220;was a congressman for the Partido de Avanzada Nacional (PAN) during the \u00c1lvaro Arz\u00fa administration, and is a professional member of the C\u00e1mara Guatemalteca de la Construcci\u00f3n, the construction union linked to CACIF&#8221;, (&#8230;) the next Minister of Energy and Mines [will be] Anayt\u00e9 Guardado, executive director of the influential Asociaci\u00f3n de Generadores con Energ\u00eda Renovable (AGER).This is a private, non-profit organization that brings together the main electricity producers, mostly hydroelectric&#8221; [1]. Anayt\u00e9 Guardado, as an agent of the large extractive companies, is responsible for continuing the policy of looting and plundering the wealth of the indigenous communities that have strongly opposed the hydroelectric and mining projects in Guatemala.&nbsp; Miriam Roquel and Sonia Guti\u00e9rrez Ragua will have to ask the same indigenous communities to &#8220;trust the government of change.\u201d<\/p>\n\n\n\n<p><strong>What Is to Be Done?<\/strong><\/p>\n\n\n\n<p>From the perspective of the International Workers League, the most important thing is to discuss this characterization of the new government and these perspectives with the youth vanguard, and the indigenous and popular sectors that have been the heart of the Guatemalan popular mobilization. We must make clear the need for a revolutionary program and a revolutionary party in Guatemala that will be able to orient the popular movement in its demands and avoid the deceptions of the new government of class conciliation.<\/p>\n\n\n\n<p>The revolutionary program in Guatemala must begin with the convocation of a National Constituent Assembly. This is how we will be able to erase the old institutions and raise the need for agrarian reform with peasant and indigenous content, the defense of natural resources and public services, and the nationalization of Guatemala&#8217;s strategic companies.<\/p>\n\n\n\n<p>[1] https:\/\/www.no-ficcion.com\/projects\/quienes-forman-el-gabinete-de-bernardo-arevalo<\/p>\n","protected":false},"excerpt":{"rendered":"<p>A Failed Institutional Coup Between January 14 and 15, Bernardo Ar\u00e9valo and Karin Herrera of the Semilla party took over the government of Guatemala. The formal ceremony of the transfer of power was delayed for almost 10 hours, not for technical reasons, but because the political forces allied with Alejandro Giammattei, known in Guatemala as [&hellip;]<\/p>\n","protected":false},"author":18,"featured_media":73619,"menu_order":0,"comment_status":"open","ping_status":"open","sticky":false,"template":"","format":"standard","meta":{"litci_post_political_author":"","_jetpack_memberships_contains_paid_content":false,"footnotes":""},"categories":[3470],"tags":[],"class_list":["post-73618","post","type-post","status-publish","format-standard","has-post-thumbnail","hentry","category-guatemala"],"yoast_head":"<!-- This site is optimized with the Yoast SEO plugin v26.9 - https:\/\/yoast.com\/product\/yoast-seo-wordpress\/ -->\n<title>Guatemala: Preparing the Resistance Against the Ar\u00e9valo-Herrera Government - International Worker&#039;s League<\/title>\n<meta name=\"robots\" content=\"index, follow, max-snippet:-1, max-image-preview:large, max-video-preview:-1\" \/>\n<link rel=\"canonical\" href=\"https:\/\/litci.org\/en\/guatemala-preparing-the-resistance-against-the-arevalo-herrera-government\/\" \/>\n<meta property=\"og:locale\" content=\"en_US\" \/>\n<meta property=\"og:type\" content=\"article\" \/>\n<meta property=\"og:title\" content=\"Guatemala: Preparing the Resistance Against the Ar\u00e9valo-Herrera Government - International Worker&#039;s League\" \/>\n<meta property=\"og:description\" content=\"A Failed Institutional Coup Between January 14 and 15, Bernardo Ar\u00e9valo and Karin Herrera of the Semilla party took over the government of Guatemala. The formal ceremony of the transfer of power was delayed for almost 10 hours, not for technical reasons, but because the political forces allied with Alejandro Giammattei, known in Guatemala as [&hellip;]\" \/>\n<meta property=\"og:url\" content=\"https:\/\/litci.org\/en\/guatemala-preparing-the-resistance-against-the-arevalo-herrera-government\/\" \/>\n<meta property=\"og:site_name\" content=\"International Worker&#039;s League\" \/>\n<meta property=\"article:published_time\" content=\"2024-01-25T18:09:38+00:00\" \/>\n<meta property=\"article:modified_time\" content=\"2024-01-25T18:09:40+00:00\" \/>\n<meta property=\"og:image\" content=\"https:\/\/i0.wp.com\/litci.org\/en\/wp-content\/uploads\/2024\/01\/1da46bd83f8f0d11deb39e48b55a5c6f6c5d3934.webp?fit=1280%2C960&ssl=1\" \/>\n\t<meta property=\"og:image:width\" content=\"1280\" \/>\n\t<meta property=\"og:image:height\" content=\"960\" \/>\n\t<meta property=\"og:image:type\" content=\"image\/webp\" \/>\n<meta name=\"author\" content=\"Tara\" \/>\n<meta name=\"twitter:card\" content=\"summary_large_image\" \/>\n<meta name=\"twitter:label1\" content=\"Written by\" \/>\n\t<meta name=\"twitter:data1\" content=\"Tara\" \/>\n\t<meta name=\"twitter:label2\" content=\"Est. reading time\" \/>\n\t<meta name=\"twitter:data2\" content=\"8 minutes\" \/>\n<script type=\"application\/ld+json\" class=\"yoast-schema-graph\">{\"@context\":\"https:\/\/schema.org\",\"@graph\":[{\"@type\":\"Article\",\"@id\":\"https:\/\/litci.org\/en\/guatemala-preparing-the-resistance-against-the-arevalo-herrera-government\/#article\",\"isPartOf\":{\"@id\":\"https:\/\/litci.org\/en\/guatemala-preparing-the-resistance-against-the-arevalo-herrera-government\/\"},\"author\":{\"name\":\"Tara\",\"@id\":\"https:\/\/litci.org\/en\/#\/schema\/person\/1facc9e620e074f6509e2320eac22a14\"},\"headline\":\"Guatemala: Preparing the Resistance Against the Ar\u00e9valo-Herrera Government\",\"datePublished\":\"2024-01-25T18:09:38+00:00\",\"dateModified\":\"2024-01-25T18:09:40+00:00\",\"mainEntityOfPage\":{\"@id\":\"https:\/\/litci.org\/en\/guatemala-preparing-the-resistance-against-the-arevalo-herrera-government\/\"},\"wordCount\":1611,\"commentCount\":0,\"publisher\":{\"@id\":\"https:\/\/litci.org\/en\/#organization\"},\"image\":{\"@id\":\"https:\/\/litci.org\/en\/guatemala-preparing-the-resistance-against-the-arevalo-herrera-government\/#primaryimage\"},\"thumbnailUrl\":\"https:\/\/i0.wp.com\/litci.org\/en\/wp-content\/uploads\/2024\/01\/1da46bd83f8f0d11deb39e48b55a5c6f6c5d3934.webp?fit=1280%2C960&ssl=1\",\"articleSection\":[\"Guatemala\"],\"inLanguage\":\"en-US\",\"potentialAction\":[{\"@type\":\"CommentAction\",\"name\":\"Comment\",\"target\":[\"https:\/\/litci.org\/en\/guatemala-preparing-the-resistance-against-the-arevalo-herrera-government\/#respond\"]}]},{\"@type\":\"WebPage\",\"@id\":\"https:\/\/litci.org\/en\/guatemala-preparing-the-resistance-against-the-arevalo-herrera-government\/\",\"url\":\"https:\/\/litci.org\/en\/guatemala-preparing-the-resistance-against-the-arevalo-herrera-government\/\",\"name\":\"Guatemala: Preparing the Resistance Against the Ar\u00e9valo-Herrera Government - International Worker&#039;s League\",\"isPartOf\":{\"@id\":\"https:\/\/litci.org\/en\/#website\"},\"primaryImageOfPage\":{\"@id\":\"https:\/\/litci.org\/en\/guatemala-preparing-the-resistance-against-the-arevalo-herrera-government\/#primaryimage\"},\"image\":{\"@id\":\"https:\/\/litci.org\/en\/guatemala-preparing-the-resistance-against-the-arevalo-herrera-government\/#primaryimage\"},\"thumbnailUrl\":\"https:\/\/i0.wp.com\/litci.org\/en\/wp-content\/uploads\/2024\/01\/1da46bd83f8f0d11deb39e48b55a5c6f6c5d3934.webp?fit=1280%2C960&ssl=1\",\"datePublished\":\"2024-01-25T18:09:38+00:00\",\"dateModified\":\"2024-01-25T18:09:40+00:00\",\"breadcrumb\":{\"@id\":\"https:\/\/litci.org\/en\/guatemala-preparing-the-resistance-against-the-arevalo-herrera-government\/#breadcrumb\"},\"inLanguage\":\"en-US\",\"potentialAction\":[{\"@type\":\"ReadAction\",\"target\":[\"https:\/\/litci.org\/en\/guatemala-preparing-the-resistance-against-the-arevalo-herrera-government\/\"]}]},{\"@type\":\"ImageObject\",\"inLanguage\":\"en-US\",\"@id\":\"https:\/\/litci.org\/en\/guatemala-preparing-the-resistance-against-the-arevalo-herrera-government\/#primaryimage\",\"url\":\"https:\/\/i0.wp.com\/litci.org\/en\/wp-content\/uploads\/2024\/01\/1da46bd83f8f0d11deb39e48b55a5c6f6c5d3934.webp?fit=1280%2C960&ssl=1\",\"contentUrl\":\"https:\/\/i0.wp.com\/litci.org\/en\/wp-content\/uploads\/2024\/01\/1da46bd83f8f0d11deb39e48b55a5c6f6c5d3934.webp?fit=1280%2C960&ssl=1\",\"width\":1280,\"height\":960,\"caption\":\"\u00a9 JOHAN ORDONEZ \/ AFP\"},{\"@type\":\"BreadcrumbList\",\"@id\":\"https:\/\/litci.org\/en\/guatemala-preparing-the-resistance-against-the-arevalo-herrera-government\/#breadcrumb\",\"itemListElement\":[{\"@type\":\"ListItem\",\"position\":1,\"name\":\"Home\",\"item\":\"https:\/\/litci.org\/en\/\"},{\"@type\":\"ListItem\",\"position\":2,\"name\":\"Guatemala: Preparing the Resistance Against the Ar\u00e9valo-Herrera Government\"}]},{\"@type\":\"WebSite\",\"@id\":\"https:\/\/litci.org\/en\/#website\",\"url\":\"https:\/\/litci.org\/en\/\",\"name\":\"International Worker&#039;s League\",\"description\":\"\",\"publisher\":{\"@id\":\"https:\/\/litci.org\/en\/#organization\"},\"potentialAction\":[{\"@type\":\"SearchAction\",\"target\":{\"@type\":\"EntryPoint\",\"urlTemplate\":\"https:\/\/litci.org\/en\/?s={search_term_string}\"},\"query-input\":{\"@type\":\"PropertyValueSpecification\",\"valueRequired\":true,\"valueName\":\"search_term_string\"}}],\"inLanguage\":\"en-US\"},{\"@type\":\"Organization\",\"@id\":\"https:\/\/litci.org\/en\/#organization\",\"name\":\"International Worker&#039;s League\",\"url\":\"https:\/\/litci.org\/en\/\",\"logo\":{\"@type\":\"ImageObject\",\"inLanguage\":\"en-US\",\"@id\":\"https:\/\/litci.org\/en\/#\/schema\/logo\/image\/\",\"url\":\"https:\/\/i0.wp.com\/litci.org\/en\/wp-content\/uploads\/2023\/02\/logo-english-1.png?fit=1307%2C712&ssl=1\",\"contentUrl\":\"https:\/\/i0.wp.com\/litci.org\/en\/wp-content\/uploads\/2023\/02\/logo-english-1.png?fit=1307%2C712&ssl=1\",\"width\":1307,\"height\":712,\"caption\":\"International Worker&#039;s League\"},\"image\":{\"@id\":\"https:\/\/litci.org\/en\/#\/schema\/logo\/image\/\"}},{\"@type\":\"Person\",\"@id\":\"https:\/\/litci.org\/en\/#\/schema\/person\/1facc9e620e074f6509e2320eac22a14\",\"name\":\"Tara\",\"image\":{\"@type\":\"ImageObject\",\"inLanguage\":\"en-US\",\"@id\":\"https:\/\/litci.org\/en\/#\/schema\/person\/image\/\",\"url\":\"https:\/\/secure.gravatar.com\/avatar\/6d59cac2d1190db4eaaa7f914e21e04db15137afa77494a2d471fbea645a465c?s=96&d=mm&r=g\",\"contentUrl\":\"https:\/\/secure.gravatar.com\/avatar\/6d59cac2d1190db4eaaa7f914e21e04db15137afa77494a2d471fbea645a465c?s=96&d=mm&r=g\",\"caption\":\"Tara\"},\"url\":\"https:\/\/litci.org\/en\/author\/tara\/\"}]}<\/script>\n<!-- \/ Yoast SEO plugin. -->","yoast_head_json":{"title":"Guatemala: Preparing the Resistance Against the Ar\u00e9valo-Herrera Government - International Worker&#039;s League","robots":{"index":"index","follow":"follow","max-snippet":"max-snippet:-1","max-image-preview":"max-image-preview:large","max-video-preview":"max-video-preview:-1"},"canonical":"https:\/\/litci.org\/en\/guatemala-preparing-the-resistance-against-the-arevalo-herrera-government\/","og_locale":"en_US","og_type":"article","og_title":"Guatemala: Preparing the Resistance Against the Ar\u00e9valo-Herrera Government - International Worker&#039;s League","og_description":"A Failed Institutional Coup Between January 14 and 15, Bernardo Ar\u00e9valo and Karin Herrera of the Semilla party took over the government of Guatemala. The formal ceremony of the transfer of power was delayed for almost 10 hours, not for technical reasons, but because the political forces allied with Alejandro Giammattei, known in Guatemala as [&hellip;]","og_url":"https:\/\/litci.org\/en\/guatemala-preparing-the-resistance-against-the-arevalo-herrera-government\/","og_site_name":"International Worker&#039;s League","article_published_time":"2024-01-25T18:09:38+00:00","article_modified_time":"2024-01-25T18:09:40+00:00","og_image":[{"width":1280,"height":960,"url":"https:\/\/i0.wp.com\/litci.org\/en\/wp-content\/uploads\/2024\/01\/1da46bd83f8f0d11deb39e48b55a5c6f6c5d3934.webp?fit=1280%2C960&ssl=1","type":"image\/webp"}],"author":"Tara","twitter_card":"summary_large_image","twitter_misc":{"Written by":"Tara","Est. reading time":"8 minutes"},"schema":{"@context":"https:\/\/schema.org","@graph":[{"@type":"Article","@id":"https:\/\/litci.org\/en\/guatemala-preparing-the-resistance-against-the-arevalo-herrera-government\/#article","isPartOf":{"@id":"https:\/\/litci.org\/en\/guatemala-preparing-the-resistance-against-the-arevalo-herrera-government\/"},"author":{"name":"Tara","@id":"https:\/\/litci.org\/en\/#\/schema\/person\/1facc9e620e074f6509e2320eac22a14"},"headline":"Guatemala: Preparing the Resistance Against the Ar\u00e9valo-Herrera Government","datePublished":"2024-01-25T18:09:38+00:00","dateModified":"2024-01-25T18:09:40+00:00","mainEntityOfPage":{"@id":"https:\/\/litci.org\/en\/guatemala-preparing-the-resistance-against-the-arevalo-herrera-government\/"},"wordCount":1611,"commentCount":0,"publisher":{"@id":"https:\/\/litci.org\/en\/#organization"},"image":{"@id":"https:\/\/litci.org\/en\/guatemala-preparing-the-resistance-against-the-arevalo-herrera-government\/#primaryimage"},"thumbnailUrl":"https:\/\/i0.wp.com\/litci.org\/en\/wp-content\/uploads\/2024\/01\/1da46bd83f8f0d11deb39e48b55a5c6f6c5d3934.webp?fit=1280%2C960&ssl=1","articleSection":["Guatemala"],"inLanguage":"en-US","potentialAction":[{"@type":"CommentAction","name":"Comment","target":["https:\/\/litci.org\/en\/guatemala-preparing-the-resistance-against-the-arevalo-herrera-government\/#respond"]}]},{"@type":"WebPage","@id":"https:\/\/litci.org\/en\/guatemala-preparing-the-resistance-against-the-arevalo-herrera-government\/","url":"https:\/\/litci.org\/en\/guatemala-preparing-the-resistance-against-the-arevalo-herrera-government\/","name":"Guatemala: Preparing the Resistance Against the Ar\u00e9valo-Herrera Government - International Worker&#039;s League","isPartOf":{"@id":"https:\/\/litci.org\/en\/#website"},"primaryImageOfPage":{"@id":"https:\/\/litci.org\/en\/guatemala-preparing-the-resistance-against-the-arevalo-herrera-government\/#primaryimage"},"image":{"@id":"https:\/\/litci.org\/en\/guatemala-preparing-the-resistance-against-the-arevalo-herrera-government\/#primaryimage"},"thumbnailUrl":"https:\/\/i0.wp.com\/litci.org\/en\/wp-content\/uploads\/2024\/01\/1da46bd83f8f0d11deb39e48b55a5c6f6c5d3934.webp?fit=1280%2C960&ssl=1","datePublished":"2024-01-25T18:09:38+00:00","dateModified":"2024-01-25T18:09:40+00:00","breadcrumb":{"@id":"https:\/\/litci.org\/en\/guatemala-preparing-the-resistance-against-the-arevalo-herrera-government\/#breadcrumb"},"inLanguage":"en-US","potentialAction":[{"@type":"ReadAction","target":["https:\/\/litci.org\/en\/guatemala-preparing-the-resistance-against-the-arevalo-herrera-government\/"]}]},{"@type":"ImageObject","inLanguage":"en-US","@id":"https:\/\/litci.org\/en\/guatemala-preparing-the-resistance-against-the-arevalo-herrera-government\/#primaryimage","url":"https:\/\/i0.wp.com\/litci.org\/en\/wp-content\/uploads\/2024\/01\/1da46bd83f8f0d11deb39e48b55a5c6f6c5d3934.webp?fit=1280%2C960&ssl=1","contentUrl":"https:\/\/i0.wp.com\/litci.org\/en\/wp-content\/uploads\/2024\/01\/1da46bd83f8f0d11deb39e48b55a5c6f6c5d3934.webp?fit=1280%2C960&ssl=1","width":1280,"height":960,"caption":"\u00a9 JOHAN ORDONEZ \/ AFP"},{"@type":"BreadcrumbList","@id":"https:\/\/litci.org\/en\/guatemala-preparing-the-resistance-against-the-arevalo-herrera-government\/#breadcrumb","itemListElement":[{"@type":"ListItem","position":1,"name":"Home","item":"https:\/\/litci.org\/en\/"},{"@type":"ListItem","position":2,"name":"Guatemala: Preparing the Resistance Against the Ar\u00e9valo-Herrera Government"}]},{"@type":"WebSite","@id":"https:\/\/litci.org\/en\/#website","url":"https:\/\/litci.org\/en\/","name":"International Worker&#039;s League","description":"","publisher":{"@id":"https:\/\/litci.org\/en\/#organization"},"potentialAction":[{"@type":"SearchAction","target":{"@type":"EntryPoint","urlTemplate":"https:\/\/litci.org\/en\/?s={search_term_string}"},"query-input":{"@type":"PropertyValueSpecification","valueRequired":true,"valueName":"search_term_string"}}],"inLanguage":"en-US"},{"@type":"Organization","@id":"https:\/\/litci.org\/en\/#organization","name":"International Worker&#039;s League","url":"https:\/\/litci.org\/en\/","logo":{"@type":"ImageObject","inLanguage":"en-US","@id":"https:\/\/litci.org\/en\/#\/schema\/logo\/image\/","url":"https:\/\/i0.wp.com\/litci.org\/en\/wp-content\/uploads\/2023\/02\/logo-english-1.png?fit=1307%2C712&ssl=1","contentUrl":"https:\/\/i0.wp.com\/litci.org\/en\/wp-content\/uploads\/2023\/02\/logo-english-1.png?fit=1307%2C712&ssl=1","width":1307,"height":712,"caption":"International Worker&#039;s League"},"image":{"@id":"https:\/\/litci.org\/en\/#\/schema\/logo\/image\/"}},{"@type":"Person","@id":"https:\/\/litci.org\/en\/#\/schema\/person\/1facc9e620e074f6509e2320eac22a14","name":"Tara","image":{"@type":"ImageObject","inLanguage":"en-US","@id":"https:\/\/litci.org\/en\/#\/schema\/person\/image\/","url":"https:\/\/secure.gravatar.com\/avatar\/6d59cac2d1190db4eaaa7f914e21e04db15137afa77494a2d471fbea645a465c?s=96&d=mm&r=g","contentUrl":"https:\/\/secure.gravatar.com\/avatar\/6d59cac2d1190db4eaaa7f914e21e04db15137afa77494a2d471fbea645a465c?s=96&d=mm&r=g","caption":"Tara"},"url":"https:\/\/litci.org\/en\/author\/tara\/"}]}},"jetpack_featured_media_url":"https:\/\/i0.wp.com\/litci.org\/en\/wp-content\/uploads\/2024\/01\/1da46bd83f8f0d11deb39e48b55a5c6f6c5d3934.webp?fit=1280%2C960&ssl=1","fimg_url":"https:\/\/i0.wp.com\/litci.org\/en\/wp-content\/uploads\/2024\/01\/1da46bd83f8f0d11deb39e48b55a5c6f6c5d3934.webp?fit=1280%2C960&ssl=1","categories_names":["Guatemala"],"author_info":{"name":"Tara","pic":"https:\/\/secure.gravatar.com\/avatar\/6d59cac2d1190db4eaaa7f914e21e04db15137afa77494a2d471fbea645a465c?s=96&d=mm&r=g"},"political_author":null,"tagline":"","jetpack_sharing_enabled":true,"_links":{"self":[{"href":"https:\/\/litci.org\/en\/wp-json\/wp\/v2\/posts\/73618","targetHints":{"allow":["GET"]}}],"collection":[{"href":"https:\/\/litci.org\/en\/wp-json\/wp\/v2\/posts"}],"about":[{"href":"https:\/\/litci.org\/en\/wp-json\/wp\/v2\/types\/post"}],"author":[{"embeddable":true,"href":"https:\/\/litci.org\/en\/wp-json\/wp\/v2\/users\/18"}],"replies":[{"embeddable":true,"href":"https:\/\/litci.org\/en\/wp-json\/wp\/v2\/comments?post=73618"}],"version-history":[{"count":1,"href":"https:\/\/litci.org\/en\/wp-json\/wp\/v2\/posts\/73618\/revisions"}],"predecessor-version":[{"id":73620,"href":"https:\/\/litci.org\/en\/wp-json\/wp\/v2\/posts\/73618\/revisions\/73620"}],"wp:featuredmedia":[{"embeddable":true,"href":"https:\/\/litci.org\/en\/wp-json\/wp\/v2\/media\/73619"}],"wp:attachment":[{"href":"https:\/\/litci.org\/en\/wp-json\/wp\/v2\/media?parent=73618"}],"wp:term":[{"taxonomy":"category","embeddable":true,"href":"https:\/\/litci.org\/en\/wp-json\/wp\/v2\/categories?post=73618"},{"taxonomy":"post_tag","embeddable":true,"href":"https:\/\/litci.org\/en\/wp-json\/wp\/v2\/tags?post=73618"}],"curies":[{"name":"wp","href":"https:\/\/api.w.org\/{rel}","templated":true}]}}