{"id":13102,"date":"2019-09-01T15:54:51","date_gmt":"2019-09-01T15:54:51","guid":{"rendered":"https:\/\/litci.org\/en\/?p=13102"},"modified":"2019-09-01T15:54:51","modified_gmt":"2019-09-01T15:54:51","slug":"bolsonaros-false-nationalism-and-imperialist-interests-in-amazonia","status":"publish","type":"post","link":"https:\/\/litci.org\/en\/bolsonaros-false-nationalism-and-imperialist-interests-in-amazonia\/","title":{"rendered":"Bolsonaro\u2019s false nationalism and imperialist interests in Amazonia"},"content":{"rendered":"<p><em>The fires in Amazonia acquired a global dimension. Mobilizations of the youth, workers, intellectuals, artists, scientists, and thousands of people spread through social media and took the streets of several Brazilian cities and all over the world.<\/em><\/p>\n<p><!--more--><\/p>\n<p>Jeferson Choma &#8211; PSTU Brazil<\/p>\n<p>Pushed by the wave of protests, Bolsonaro made a statement on national TV network promising to fight the fires with the help of the military.\u00a0He heard <em>panela\u00e7os<a href=\"#_ftn1\" name=\"_ftnref1\"><strong>[1]<\/strong><\/a><\/em> from north to south of the country.\u00a0There is no reason to believe in the words of this government that recently legalized a large list of agrochemicals for extensive use, many of them banned worldwide.\u00a0A government that encourages large farmers, miners, and loggers to invade indigenous lands and Conservation Units.<\/p>\n<p>Not by chance, a group of farmers, loggers and land grabbers promoted the &#8220;day on fire&#8221; in the freeway BR-163 to show support for Bolsonaro\u2019s policy of loosening Ibama\u2019s<a href=\"#_ftn2\" name=\"_ftnref2\">[2]<\/a> inspection operations in Amazonia.\u00a0How to believe in a government that substituted an American company for the respected National Institute of Space Research (Inpe) to monitor fires?\u00a0It\u2019s a president that definitely can\u2019t be taken seriously when he leaves only three Ibama officials to inspect Altamira\u2019s<a href=\"#_ftn3\" name=\"_ftnref3\">[3]<\/a> area, the country\u2019s top deforesting city, or that even says that preserving the environment \u201cis a vegan thing.&#8221;\u00a0Soon after Bolsonaro received the governors of the Amazon states and said almost nothing about the fires.\u00a0He only claimed his commitment of not demarcating any indigenous land.\u00a0Therefore, his promises are as false as the Statues of Liberty outside the <em>Havan Stores<\/em><a href=\"#_ftn4\" name=\"_ftnref4\">[4]<\/a>.<\/p>\n<p><strong>Bolsonaro and the military: Trump&#8217;s lackeys<\/strong><\/p>\n<p>And the worst part is that Bolsonaro&#8217;s bravados were accompanied by the bluffs of his generals.\u00a0General Villas B\u00f4as, for example, wrote on a social network that France does not have &#8220;moral authority&#8221; to deal with the matter, and spoke about &#8220;threats of military deployment&#8221; based on what the French president said.<\/p>\n<p>Now, the military are accomplices of Bolsonaro&#8217;s selling-out.\u00a0They are part of the clearing of all oversight bodies, such as Ibama and the Chico Mendes Institute for Biodiversity Conservation (ICMBio).\u00a0It is enough to remember that the Minister of the Institutional Security Cabinet (GSI), General Augusto Heleno, criticized the Inpe for reporting an increase of more than 80% in Amazonia deforestation only this year.\u00a0He said, &#8220;it would be convenient for us not to boast that.&#8221;\u00a0There was even a general from the government team who said: &#8220;In my day there was no Ibama to piss off.&#8221;<\/p>\n<p>But it is necessary to make a correction.\u00a0The military are not only complicit in the destruction and delivery of the Amazon to the United States.\u00a0They were architects of all this.\u00a0The military dictatorship [1964-1985] presented a new vision to exploit the region and was responsible for the Amazonia internationalization.<\/p>\n<p>The dictatorship reinforced Brazil&#8217;s submission role in the imperialist system.\u00a0The military built highways and opened access to natural resources in the region to national and international economic groups.\u00a0Mining provinces, such as the <em>Serra dos Caraj\u00e1s<\/em>, were disclosed to large national and foreign economic groups, such as the US Steel, the large American mining company.\u00a0They contracted an aerial photography survey from a US company, whose data went to the hands of the US Steel, which &#8220;discovered&#8221; <em>Caraj\u00e1s<\/em>, the largest mineral province on the planet at the time.<\/p>\n<p>They waited with arms wide open the American billionaire Daniel Keith Ludwig, a maniac who won an area of \u200b\u200bthe size of Sergipe state (around 22,000 km2), at Amap\u00e1\/Par\u00e1 border.\u00a0Thus, Ludwig took over an area with 290 million tons of bauxite.\u00a0<em>\u201cWhen the \u201964 coup occurs, the first president of the dictatorship, Castelo Branco, calls him and says: &#8216;You may come because Brazil is a safe country now,&#8217;\u201d<\/em>\u00a0recalls the professor at the Federal University of Par\u00e1, Gilberto Marques, in an interview to the <em>Opini\u00e3o<\/em> <em>News<\/em> [in Portuguese] (\u00a0<a href=\"https:\/\/www.youtube.com\/watch?v=kEQhITInKU0&amp;t=27s\" target=\"_blank\" rel=\"noopener\">https:\/\/www.youtube.com\/watch?v=kEQhITInKU0&amp;t=27s<\/a>\u00a0).<\/p>\n<p>Therefore, the military do not have any &#8220;moral authority&#8221; to speak in defense of Amazonia or national sovereignty.\u00a0They are not more than members of a lackey government of Trump that salute the US national flag.<\/p>\n<p><strong>Macron is also an imperialist ruler<\/strong><\/p>\n<p>Before the G7 meeting, the president of France, Emmanuel Macron, said on TV that Amazonia is a &#8220;common good,&#8221; and called for the mobilization of the central countries of capitalism against the clearings.\u00a0The French politician evoked the old speech on the &#8220;Amazonia internationalization&#8221; that has been repeated for years in the diplomatic milieu and in the mainstream world press.<\/p>\n<p>At the G7 meeting, the countries that lead world capitalism said they agree to &#8220;help&#8221; in the fight against the fires in Amazonia.\u00a0They are like vultures that fly over the carrion.<\/p>\n<p>In the past, the former vice president of the United States, Al Gore;\u00a0the former president of France, Fran\u00e7ois Mitterrand;\u00a0and Henry Kissinger, old wolf of US imperialism and former advisor to several US president, made statements similar to Macron&#8217;s on the need for Brazil to &#8220;accept relative sovereignty over Amazonia.&#8221;<\/p>\n<p>This type of statement deserves rejection; it is an interference in our sovereignty that evokes the myth of internationalization to hide a strong colonial desire of imperialist nations to appropriate Amazonia\u2019s natural resources.<\/p>\n<p>It is also of titanic hypocrisy as if the central countries of capitalism had nothing to do with the destruction of the Amazon Rainforest.\u00a0If Amazonia\u2019s history is the history of the looting and genocide of its people, it should be remembered that this was done by large foreign companies associated with the national capital and the Brazilian state.<\/p>\n<p>Macron&#8217;s France, it is worth remembering, still holds a colony in the Amazon, the French Guiana, a territory with huge gold reserves, ready to be exploited.<\/p>\n<p>Bolsonaro said Macron has a &#8220;colonialist mentality,&#8221; as if his allies like Trump or Israeli officials didn&#8217;t have it.\u00a0But he also attacks indigenous peoples and <em>quilombolas<a href=\"#_ftn5\" name=\"_ftnref5\"><strong>[5]<\/strong><\/a><\/em> while revealing his colonial mentality when he said that he wants the United States to take part in a joint development program for Amazonia.\u00a0<em>&#8220;When I met Trump a few days ago I told him that I want to open the Amazon region to be exploited in association with the US,&#8221;<\/em>\u00a0said the colonized mind last April 8.<\/p>\n<p>Currently, there are 52,974 mining areas in the Amazon covering an area of \u200b\u200b1.6 million square kilometers.\u00a0Most of these areas are waiting for approval (50.8%).\u00a0Around 80% of these areas are in Brazilian territory.<\/p>\n<p>Foreign capital exploits most of the mineral resources, with devastating consequences for the environment and the population.\u00a0An example is <em>Hydro Alunorte<\/em>, in Barcarena (Par\u00e1), a Norwegian company that spills bauxite waste clandestinely in the rivers and <em>igarap\u00e9s<\/em> of the region.\u00a0In February 2018, the <em>Evandro Chagas Institute<\/em> (IEC) confirmed the contamination in various areas of Barcarena, caused by the clandestine spills.\u00a0Remind that Norway, which owns <em>Hydro Alunorte<\/em>, is the same country that finances the so-called <em>Amazon Fund<\/em>.<\/p>\n<p>Mining plans are followed by energy expansion plans on the Amazonia rivers.\u00a0The works are funded by public money and are intended to expand mining prospecting and exploitation in the region in the coming years.\u00a0The case of Belo Monte is very exemplary of the terrible socio-environmental effects of such projects.\u00a0Planned by the military dictatorship and built during the PT governments, the hydroelectric power plant resulted in the expulsion of peasant and indigenous communities, in the super-exploitation of workers, while Altamira became the most violent Brazilian city.<\/p>\n<p>It is also estimated that 71 oil companies are settled in the South American Amazon, mainly the large international corporations.\u00a0The privatization of Petrobras, intended by Bolsonaro, will allow foreign oil companies to seize all the oil and gas in the Amazon subsoil.<\/p>\n<p><strong>Double imperialist policy for the Amazon<\/strong><\/p>\n<p>But the Amazon is not only an immense jungle and an immense river basin. It also has a heritage of knowledge little studied and known.\u00a0It is estimated that the jungle concentrates 15% of the species on Earth.\u00a0The imperialist nations know the importance of this enormous wealth.\u00a0They know that they are like books not yet read, and that is why they are not in favor of converting it entirely into coal and grass, as Bolsonaro and his allies claim.<\/p>\n<p>The central countries of the capitalist system developed strategies to appropriate the genetic resources of the rainforests.\u00a0Areas of great biodiversity would be subject to the protection of imperialism to serve as a store of value, germplasm banks (genetic material for immediate or future use), at the service of the pharmaceutical and cosmetic industry.\u00a0That is why Norway and Germany, for example, fund the <em>Amazon Fund<\/em>.\u00a0For the same reason, a good part of Brazil&#8217;s environmental preservation policies in recent years were funded by the <em>Pilot Program to Conserve the Brazilian Rain Forests<\/em> (PPG-7), considered as one of the most influential programs regarding the formulation of public policies for the environmental conservation in the country.<\/p>\n<p>In Amazonia, strategies are developed to obtain genetic information, including <em>ethno biopiracy<\/em>, that is, the illegal appropriation of systematized knowledge of indigenous peoples and traditional peasant communities.\u00a0The geographer Carlos Walter Porto Gon\u00e7alves explains this process of creating what he calls \u201cgenetic estates,\u201d promoted by the theft of traditional knowledge:\u00a0<em>\u201cIt is not the plant or the animal that is simply taken away, but the information built by a certain people through their culture.\u00a0Thus, to speak of biopiracy is to forget the probable rights of the peoples that traditionally wove their knowledge in an intimate relationship with ecosystems.\u201d\u00a0<\/em>(<em>A globaliza\u00e7\u00e3o da natureza e a natureza da globaliza\u00e7\u00e3o<\/em>, p.\u00a0317).<\/p>\n<p>This policy is associated with the social-liberal solution of the so-called <em>green economy<\/em>, proposed by people like Marina Silva [former Minister of the Environment in Lula\u2019s government (PT)] and the Globo TV Network.\u00a0It is an environmental policy marked by the commodification of the resources of the jungle and that exalts market solutions to supposedly save the environment.\u00a0Examples of this policy are the concession of public forests for the private sector, the &#8220;sustainable&#8221; certification of products such as tropical rainforest timber and the implementation of the <em>Reducing Emissions from Deforestation and Forest Degradation<\/em> (REDD+) program, which only serves the interests of financial capital.<\/p>\n<p>Unfortunately, a part of the NGOs serves that objective and are funded by these programs.\u00a0But it must be remembered that not all NGOs that operate in the Amazon act in this way.\u00a0Many of them organize peasant and indigenous communities to fight for their territories.<\/p>\n<p>To sum up, there is a double strategy carried out by imperialism in the Amazon: On the one hand it exploits the mineral and oil resources of the region, backed by local governments, on the other it defends the \u201cconservation\u201d of some areas as germplasm banks, aiming at the future exploitation of natural resources.\u00a0Seizing all those natural resources is what lies behind the misrepresented story about &#8220;internationalization of the Amazon.&#8221;<\/p>\n<p>The largest jungle on the planet will not stop being threatened, and Brazil and the world will not be free from the possibility and imminence of an environmental catastrophe, as long as we do not overcome the capitalist system that destroys the Amazon and converts its resources into commodities and its territory into private property.\u00a0We need a socialist society where all biodiversity and the traditional knowledge of the forest peoples are at the service of the common good of humanity.\u00a0A society that is not focused on the profit and capital accumulation by a handful of billionaires, such as landowners, bankers, and miners.<\/p>\n<p>Source:\u00a0<a href=\"http:\/\/www.pstu.org.br\/\" target=\"_blank\" rel=\"noopener\">www.pstu.org.br<\/a><\/p>\n<p><a href=\"#_ftnref1\" name=\"_ftn1\">[1]<\/a> Panela\u00e7o: typical protest in South America where people hit pans and other sounding objects outside their homes when an undesirable politician speaks on TV.<\/p>\n<p><a href=\"#_ftnref2\" name=\"_ftn2\">[2]<\/a> Ibama: Brazilian Institute of the Environment and Renewable Natural Resources<\/p>\n<p><a href=\"#_ftnref3\" name=\"_ftn3\">[3]<\/a> Altamira: city in the Amazon area (Par\u00e1 state), with an area of 161,446 square kilometers (62,335 square miles) and 109,938 inhabitants (2016).<\/p>\n<p><a href=\"#_ftnref4\" name=\"_ftn4\">[4]<\/a> Home appliances, electronics and decoration dealers with replicas of the statue at their entrances.<\/p>\n<p><a href=\"#_ftnref5\" name=\"_ftn5\">[5]<\/a> Slaves descendants who struggle to keep their land.<\/p>\n","protected":false},"excerpt":{"rendered":"<p>The fires in Amazonia acquired a global dimension. Mobilizations of the youth, workers, intellectuals, artists, scientists, and thousands of people spread through social media and took the streets of several Brazilian cities and all over the world.<\/p>\n","protected":false},"author":1,"featured_media":13103,"menu_order":541,"comment_status":"open","ping_status":"open","sticky":false,"template":"","format":"standard","meta":{"litci_post_political_author":"","_jetpack_memberships_contains_paid_content":false,"footnotes":""},"categories":[3508,3680],"tags":[4292,470,3656,4300],"class_list":["post-13102","post","type-post","status-publish","format-standard","has-post-thumbnail","hentry","category-brazil","category-climate-change","tag-amazon-fires","tag-bolsonaro","tag-imperialism","tag-military-dictatorship"],"yoast_head":"<!-- This site is optimized with the Yoast SEO plugin v26.9 - https:\/\/yoast.com\/product\/yoast-seo-wordpress\/ -->\n<title>Bolsonaro\u2019s false nationalism and imperialist interests in Amazonia - International Worker&#039;s League<\/title>\n<meta name=\"robots\" content=\"index, follow, max-snippet:-1, max-image-preview:large, max-video-preview:-1\" \/>\n<link rel=\"canonical\" href=\"https:\/\/litci.org\/en\/bolsonaros-false-nationalism-and-imperialist-interests-in-amazonia\/\" \/>\n<meta property=\"og:locale\" content=\"en_US\" \/>\n<meta property=\"og:type\" content=\"article\" \/>\n<meta property=\"og:title\" content=\"Bolsonaro\u2019s false nationalism and imperialist interests in Amazonia - International Worker&#039;s League\" \/>\n<meta property=\"og:description\" content=\"The fires in Amazonia acquired a global dimension. Mobilizations of the youth, workers, intellectuals, artists, scientists, and thousands of people spread through social media and took the streets of several Brazilian cities and all over the world.\" \/>\n<meta property=\"og:url\" content=\"https:\/\/litci.org\/en\/bolsonaros-false-nationalism-and-imperialist-interests-in-amazonia\/\" \/>\n<meta property=\"og:site_name\" content=\"International Worker&#039;s League\" \/>\n<meta property=\"article:published_time\" content=\"2019-09-01T15:54:51+00:00\" \/>\n<meta property=\"og:image\" content=\"https:\/\/i0.wp.com\/litci.org\/en\/wp-content\/uploads\/2019\/09\/macron-e-bolsonaro.gif?fit=680%2C453&ssl=1\" \/>\n\t<meta property=\"og:image:width\" content=\"680\" \/>\n\t<meta property=\"og:image:height\" content=\"453\" \/>\n\t<meta property=\"og:image:type\" content=\"image\/gif\" \/>\n<meta name=\"author\" content=\"litci\" \/>\n<meta name=\"twitter:card\" content=\"summary_large_image\" \/>\n<meta name=\"twitter:label1\" content=\"Written by\" \/>\n\t<meta name=\"twitter:data1\" content=\"litci\" \/>\n\t<meta name=\"twitter:label2\" content=\"Est. reading time\" \/>\n\t<meta name=\"twitter:data2\" content=\"10 minutes\" \/>\n<script type=\"application\/ld+json\" class=\"yoast-schema-graph\">{\"@context\":\"https:\/\/schema.org\",\"@graph\":[{\"@type\":\"Article\",\"@id\":\"https:\/\/litci.org\/en\/bolsonaros-false-nationalism-and-imperialist-interests-in-amazonia\/#article\",\"isPartOf\":{\"@id\":\"https:\/\/litci.org\/en\/bolsonaros-false-nationalism-and-imperialist-interests-in-amazonia\/\"},\"author\":{\"name\":\"litci\",\"@id\":\"https:\/\/litci.org\/en\/#\/schema\/person\/3270456e79331cc584ec99dbb4d52fe3\"},\"headline\":\"Bolsonaro\u2019s false nationalism and imperialist interests in Amazonia\",\"datePublished\":\"2019-09-01T15:54:51+00:00\",\"mainEntityOfPage\":{\"@id\":\"https:\/\/litci.org\/en\/bolsonaros-false-nationalism-and-imperialist-interests-in-amazonia\/\"},\"wordCount\":2025,\"commentCount\":0,\"publisher\":{\"@id\":\"https:\/\/litci.org\/en\/#organization\"},\"image\":{\"@id\":\"https:\/\/litci.org\/en\/bolsonaros-false-nationalism-and-imperialist-interests-in-amazonia\/#primaryimage\"},\"thumbnailUrl\":\"https:\/\/i0.wp.com\/litci.org\/en\/wp-content\/uploads\/2019\/09\/macron-e-bolsonaro.gif?fit=680%2C453&ssl=1\",\"keywords\":[\"Amazon Fires\",\"Bolsonaro\",\"Imperialism\",\"Military Dictatorship\"],\"articleSection\":[\"Brazil\",\"Climate Change\"],\"inLanguage\":\"en-US\",\"potentialAction\":[{\"@type\":\"CommentAction\",\"name\":\"Comment\",\"target\":[\"https:\/\/litci.org\/en\/bolsonaros-false-nationalism-and-imperialist-interests-in-amazonia\/#respond\"]}]},{\"@type\":\"WebPage\",\"@id\":\"https:\/\/litci.org\/en\/bolsonaros-false-nationalism-and-imperialist-interests-in-amazonia\/\",\"url\":\"https:\/\/litci.org\/en\/bolsonaros-false-nationalism-and-imperialist-interests-in-amazonia\/\",\"name\":\"Bolsonaro\u2019s false nationalism and imperialist interests in Amazonia - International Worker&#039;s League\",\"isPartOf\":{\"@id\":\"https:\/\/litci.org\/en\/#website\"},\"primaryImageOfPage\":{\"@id\":\"https:\/\/litci.org\/en\/bolsonaros-false-nationalism-and-imperialist-interests-in-amazonia\/#primaryimage\"},\"image\":{\"@id\":\"https:\/\/litci.org\/en\/bolsonaros-false-nationalism-and-imperialist-interests-in-amazonia\/#primaryimage\"},\"thumbnailUrl\":\"https:\/\/i0.wp.com\/litci.org\/en\/wp-content\/uploads\/2019\/09\/macron-e-bolsonaro.gif?fit=680%2C453&ssl=1\",\"datePublished\":\"2019-09-01T15:54:51+00:00\",\"breadcrumb\":{\"@id\":\"https:\/\/litci.org\/en\/bolsonaros-false-nationalism-and-imperialist-interests-in-amazonia\/#breadcrumb\"},\"inLanguage\":\"en-US\",\"potentialAction\":[{\"@type\":\"ReadAction\",\"target\":[\"https:\/\/litci.org\/en\/bolsonaros-false-nationalism-and-imperialist-interests-in-amazonia\/\"]}]},{\"@type\":\"ImageObject\",\"inLanguage\":\"en-US\",\"@id\":\"https:\/\/litci.org\/en\/bolsonaros-false-nationalism-and-imperialist-interests-in-amazonia\/#primaryimage\",\"url\":\"https:\/\/i0.wp.com\/litci.org\/en\/wp-content\/uploads\/2019\/09\/macron-e-bolsonaro.gif?fit=680%2C453&ssl=1\",\"contentUrl\":\"https:\/\/i0.wp.com\/litci.org\/en\/wp-content\/uploads\/2019\/09\/macron-e-bolsonaro.gif?fit=680%2C453&ssl=1\",\"width\":680,\"height\":453,\"caption\":\"French president Macron and president of Brazil Bolsonaro\"},{\"@type\":\"BreadcrumbList\",\"@id\":\"https:\/\/litci.org\/en\/bolsonaros-false-nationalism-and-imperialist-interests-in-amazonia\/#breadcrumb\",\"itemListElement\":[{\"@type\":\"ListItem\",\"position\":1,\"name\":\"Home\",\"item\":\"https:\/\/litci.org\/en\/\"},{\"@type\":\"ListItem\",\"position\":2,\"name\":\"Bolsonaro\u2019s false nationalism and imperialist interests in Amazonia\"}]},{\"@type\":\"WebSite\",\"@id\":\"https:\/\/litci.org\/en\/#website\",\"url\":\"https:\/\/litci.org\/en\/\",\"name\":\"International Worker&#039;s League\",\"description\":\"\",\"publisher\":{\"@id\":\"https:\/\/litci.org\/en\/#organization\"},\"potentialAction\":[{\"@type\":\"SearchAction\",\"target\":{\"@type\":\"EntryPoint\",\"urlTemplate\":\"https:\/\/litci.org\/en\/?s={search_term_string}\"},\"query-input\":{\"@type\":\"PropertyValueSpecification\",\"valueRequired\":true,\"valueName\":\"search_term_string\"}}],\"inLanguage\":\"en-US\"},{\"@type\":\"Organization\",\"@id\":\"https:\/\/litci.org\/en\/#organization\",\"name\":\"International Worker&#039;s League\",\"url\":\"https:\/\/litci.org\/en\/\",\"logo\":{\"@type\":\"ImageObject\",\"inLanguage\":\"en-US\",\"@id\":\"https:\/\/litci.org\/en\/#\/schema\/logo\/image\/\",\"url\":\"https:\/\/i0.wp.com\/litci.org\/en\/wp-content\/uploads\/2023\/02\/logo-english-1.png?fit=1307%2C712&ssl=1\",\"contentUrl\":\"https:\/\/i0.wp.com\/litci.org\/en\/wp-content\/uploads\/2023\/02\/logo-english-1.png?fit=1307%2C712&ssl=1\",\"width\":1307,\"height\":712,\"caption\":\"International Worker&#039;s League\"},\"image\":{\"@id\":\"https:\/\/litci.org\/en\/#\/schema\/logo\/image\/\"}},{\"@type\":\"Person\",\"@id\":\"https:\/\/litci.org\/en\/#\/schema\/person\/3270456e79331cc584ec99dbb4d52fe3\",\"name\":\"litci\",\"image\":{\"@type\":\"ImageObject\",\"inLanguage\":\"en-US\",\"@id\":\"https:\/\/litci.org\/en\/#\/schema\/person\/image\/\",\"url\":\"https:\/\/secure.gravatar.com\/avatar\/c5ccde5393ccb83747702c5ca92f55d8fdaf99be9432d0142571c6d437fbaadb?s=96&d=mm&r=g\",\"contentUrl\":\"https:\/\/secure.gravatar.com\/avatar\/c5ccde5393ccb83747702c5ca92f55d8fdaf99be9432d0142571c6d437fbaadb?s=96&d=mm&r=g\",\"caption\":\"litci\"},\"sameAs\":[\"http:\/\/litci.org\/en\"],\"url\":\"https:\/\/litci.org\/en\/author\/litci\/\"}]}<\/script>\n<!-- \/ Yoast SEO plugin. -->","yoast_head_json":{"title":"Bolsonaro\u2019s false nationalism and imperialist interests in Amazonia - International Worker&#039;s League","robots":{"index":"index","follow":"follow","max-snippet":"max-snippet:-1","max-image-preview":"max-image-preview:large","max-video-preview":"max-video-preview:-1"},"canonical":"https:\/\/litci.org\/en\/bolsonaros-false-nationalism-and-imperialist-interests-in-amazonia\/","og_locale":"en_US","og_type":"article","og_title":"Bolsonaro\u2019s false nationalism and imperialist interests in Amazonia - International Worker&#039;s League","og_description":"The fires in Amazonia acquired a global dimension. Mobilizations of the youth, workers, intellectuals, artists, scientists, and thousands of people spread through social media and took the streets of several Brazilian cities and all over the world.","og_url":"https:\/\/litci.org\/en\/bolsonaros-false-nationalism-and-imperialist-interests-in-amazonia\/","og_site_name":"International Worker&#039;s League","article_published_time":"2019-09-01T15:54:51+00:00","og_image":[{"width":680,"height":453,"url":"https:\/\/i0.wp.com\/litci.org\/en\/wp-content\/uploads\/2019\/09\/macron-e-bolsonaro.gif?fit=680%2C453&ssl=1","type":"image\/gif"}],"author":"litci","twitter_card":"summary_large_image","twitter_misc":{"Written by":"litci","Est. reading time":"10 minutes"},"schema":{"@context":"https:\/\/schema.org","@graph":[{"@type":"Article","@id":"https:\/\/litci.org\/en\/bolsonaros-false-nationalism-and-imperialist-interests-in-amazonia\/#article","isPartOf":{"@id":"https:\/\/litci.org\/en\/bolsonaros-false-nationalism-and-imperialist-interests-in-amazonia\/"},"author":{"name":"litci","@id":"https:\/\/litci.org\/en\/#\/schema\/person\/3270456e79331cc584ec99dbb4d52fe3"},"headline":"Bolsonaro\u2019s false nationalism and imperialist interests in Amazonia","datePublished":"2019-09-01T15:54:51+00:00","mainEntityOfPage":{"@id":"https:\/\/litci.org\/en\/bolsonaros-false-nationalism-and-imperialist-interests-in-amazonia\/"},"wordCount":2025,"commentCount":0,"publisher":{"@id":"https:\/\/litci.org\/en\/#organization"},"image":{"@id":"https:\/\/litci.org\/en\/bolsonaros-false-nationalism-and-imperialist-interests-in-amazonia\/#primaryimage"},"thumbnailUrl":"https:\/\/i0.wp.com\/litci.org\/en\/wp-content\/uploads\/2019\/09\/macron-e-bolsonaro.gif?fit=680%2C453&ssl=1","keywords":["Amazon Fires","Bolsonaro","Imperialism","Military Dictatorship"],"articleSection":["Brazil","Climate Change"],"inLanguage":"en-US","potentialAction":[{"@type":"CommentAction","name":"Comment","target":["https:\/\/litci.org\/en\/bolsonaros-false-nationalism-and-imperialist-interests-in-amazonia\/#respond"]}]},{"@type":"WebPage","@id":"https:\/\/litci.org\/en\/bolsonaros-false-nationalism-and-imperialist-interests-in-amazonia\/","url":"https:\/\/litci.org\/en\/bolsonaros-false-nationalism-and-imperialist-interests-in-amazonia\/","name":"Bolsonaro\u2019s false nationalism and imperialist interests in Amazonia - International Worker&#039;s League","isPartOf":{"@id":"https:\/\/litci.org\/en\/#website"},"primaryImageOfPage":{"@id":"https:\/\/litci.org\/en\/bolsonaros-false-nationalism-and-imperialist-interests-in-amazonia\/#primaryimage"},"image":{"@id":"https:\/\/litci.org\/en\/bolsonaros-false-nationalism-and-imperialist-interests-in-amazonia\/#primaryimage"},"thumbnailUrl":"https:\/\/i0.wp.com\/litci.org\/en\/wp-content\/uploads\/2019\/09\/macron-e-bolsonaro.gif?fit=680%2C453&ssl=1","datePublished":"2019-09-01T15:54:51+00:00","breadcrumb":{"@id":"https:\/\/litci.org\/en\/bolsonaros-false-nationalism-and-imperialist-interests-in-amazonia\/#breadcrumb"},"inLanguage":"en-US","potentialAction":[{"@type":"ReadAction","target":["https:\/\/litci.org\/en\/bolsonaros-false-nationalism-and-imperialist-interests-in-amazonia\/"]}]},{"@type":"ImageObject","inLanguage":"en-US","@id":"https:\/\/litci.org\/en\/bolsonaros-false-nationalism-and-imperialist-interests-in-amazonia\/#primaryimage","url":"https:\/\/i0.wp.com\/litci.org\/en\/wp-content\/uploads\/2019\/09\/macron-e-bolsonaro.gif?fit=680%2C453&ssl=1","contentUrl":"https:\/\/i0.wp.com\/litci.org\/en\/wp-content\/uploads\/2019\/09\/macron-e-bolsonaro.gif?fit=680%2C453&ssl=1","width":680,"height":453,"caption":"French president Macron and president of Brazil Bolsonaro"},{"@type":"BreadcrumbList","@id":"https:\/\/litci.org\/en\/bolsonaros-false-nationalism-and-imperialist-interests-in-amazonia\/#breadcrumb","itemListElement":[{"@type":"ListItem","position":1,"name":"Home","item":"https:\/\/litci.org\/en\/"},{"@type":"ListItem","position":2,"name":"Bolsonaro\u2019s false nationalism and imperialist interests in Amazonia"}]},{"@type":"WebSite","@id":"https:\/\/litci.org\/en\/#website","url":"https:\/\/litci.org\/en\/","name":"International Worker&#039;s League","description":"","publisher":{"@id":"https:\/\/litci.org\/en\/#organization"},"potentialAction":[{"@type":"SearchAction","target":{"@type":"EntryPoint","urlTemplate":"https:\/\/litci.org\/en\/?s={search_term_string}"},"query-input":{"@type":"PropertyValueSpecification","valueRequired":true,"valueName":"search_term_string"}}],"inLanguage":"en-US"},{"@type":"Organization","@id":"https:\/\/litci.org\/en\/#organization","name":"International Worker&#039;s League","url":"https:\/\/litci.org\/en\/","logo":{"@type":"ImageObject","inLanguage":"en-US","@id":"https:\/\/litci.org\/en\/#\/schema\/logo\/image\/","url":"https:\/\/i0.wp.com\/litci.org\/en\/wp-content\/uploads\/2023\/02\/logo-english-1.png?fit=1307%2C712&ssl=1","contentUrl":"https:\/\/i0.wp.com\/litci.org\/en\/wp-content\/uploads\/2023\/02\/logo-english-1.png?fit=1307%2C712&ssl=1","width":1307,"height":712,"caption":"International Worker&#039;s League"},"image":{"@id":"https:\/\/litci.org\/en\/#\/schema\/logo\/image\/"}},{"@type":"Person","@id":"https:\/\/litci.org\/en\/#\/schema\/person\/3270456e79331cc584ec99dbb4d52fe3","name":"litci","image":{"@type":"ImageObject","inLanguage":"en-US","@id":"https:\/\/litci.org\/en\/#\/schema\/person\/image\/","url":"https:\/\/secure.gravatar.com\/avatar\/c5ccde5393ccb83747702c5ca92f55d8fdaf99be9432d0142571c6d437fbaadb?s=96&d=mm&r=g","contentUrl":"https:\/\/secure.gravatar.com\/avatar\/c5ccde5393ccb83747702c5ca92f55d8fdaf99be9432d0142571c6d437fbaadb?s=96&d=mm&r=g","caption":"litci"},"sameAs":["http:\/\/litci.org\/en"],"url":"https:\/\/litci.org\/en\/author\/litci\/"}]}},"jetpack_featured_media_url":"https:\/\/i0.wp.com\/litci.org\/en\/wp-content\/uploads\/2019\/09\/macron-e-bolsonaro.gif?fit=680%2C453&ssl=1","fimg_url":"https:\/\/i0.wp.com\/litci.org\/en\/wp-content\/uploads\/2019\/09\/macron-e-bolsonaro.gif?fit=680%2C453&ssl=1","categories_names":["Brazil","Climate Change"],"author_info":{"name":"litci","pic":"https:\/\/secure.gravatar.com\/avatar\/c5ccde5393ccb83747702c5ca92f55d8fdaf99be9432d0142571c6d437fbaadb?s=96&d=mm&r=g"},"political_author":null,"tagline":"","jetpack_sharing_enabled":true,"_links":{"self":[{"href":"https:\/\/litci.org\/en\/wp-json\/wp\/v2\/posts\/13102","targetHints":{"allow":["GET"]}}],"collection":[{"href":"https:\/\/litci.org\/en\/wp-json\/wp\/v2\/posts"}],"about":[{"href":"https:\/\/litci.org\/en\/wp-json\/wp\/v2\/types\/post"}],"author":[{"embeddable":true,"href":"https:\/\/litci.org\/en\/wp-json\/wp\/v2\/users\/1"}],"replies":[{"embeddable":true,"href":"https:\/\/litci.org\/en\/wp-json\/wp\/v2\/comments?post=13102"}],"version-history":[{"count":0,"href":"https:\/\/litci.org\/en\/wp-json\/wp\/v2\/posts\/13102\/revisions"}],"wp:featuredmedia":[{"embeddable":true,"href":"https:\/\/litci.org\/en\/wp-json\/wp\/v2\/media\/13103"}],"wp:attachment":[{"href":"https:\/\/litci.org\/en\/wp-json\/wp\/v2\/media?parent=13102"}],"wp:term":[{"taxonomy":"category","embeddable":true,"href":"https:\/\/litci.org\/en\/wp-json\/wp\/v2\/categories?post=13102"},{"taxonomy":"post_tag","embeddable":true,"href":"https:\/\/litci.org\/en\/wp-json\/wp\/v2\/tags?post=13102"}],"curies":[{"name":"wp","href":"https:\/\/api.w.org\/{rel}","templated":true}]}}