{"id":11495,"date":"2019-02-01T13:43:16","date_gmt":"2019-02-01T13:43:16","guid":{"rendered":"https:\/\/litci.org\/en\/?p=11495"},"modified":"2019-02-01T13:43:16","modified_gmt":"2019-02-01T13:43:16","slug":"brazil-could-follow-the-example-of-hungary","status":"publish","type":"post","link":"https:\/\/litci.org\/en\/brazil-could-follow-the-example-of-hungary\/","title":{"rendered":"Brazil could follow the Example of Hungary"},"content":{"rendered":"<p><em>Recently, President Jair Bolsonaro stated much identification with Hungarian Prime Minister Viktor Orban. He is considered far right wing and was present on Bolsonaro\u2019s inauguration ceremony on January 1<sup>st<\/sup>. The Hungarian congratulated him for the electoral victory and the Brazilian ensured they would be \u201cgreat associates in the future\u201d. <\/em><\/p>\n<p>By Mikos Puzser, from Munich<\/p>\n<p>Regarding the restrictive measures against migrants, the Brazilian president stated he \u201copposed our last immigration bill, which turned Brazil into a country without frontiers\u201d. On his side, Orban, in mid humanitarian crisis in Europe, in 2015, had barbed wire fences built throughout the frontiers with Serbia and Croatia to stop refugees from entering.<\/p>\n<p><strong>A Victory of the Far Right Wing<\/strong><\/p>\n<p>Viktor Orb\u00e1n and his right wing nationalist party <em>Fidesz<\/em>\u00a0(Alliance of the Young Democrats) \u2013 Hungarian Civic Union, was reelected for a third consecutive mandate in 2018, with almost 50% of the votes. Almost 70% of the population participated in the elections. With this victory, along with the Christian People\u2019s Democrat Party, they control two thirds of the parliament. However, not everything is good news for him. Orban faces serious corruption and public fund deviation accusations, favoring his son in law, several ministers and entrepreneurs from the <em>Fidesz<\/em>.<\/p>\n<p>The history of the <em>Fidesz<\/em>\u00a0is related to the restoration of capitalism in Hungary, in the late 1980s and 1990s.<\/p>\n<p>The Stalinist regime in Hungary was one of the first ones to open to capitalism, when the very \u201ccommunists\u201d ousted Janos Kadar from the Communist Party (CP) leadership and new leaders entered office. This transition, despite it avoided an uprising as in Rumania, meant no stability. Since restoration implied the return of capitalism with all its evils, the Hungarian workers and people had to face a drop in their living conditions and several crises. In other words, the opposite of the development they expected in the Hungarian economy.<\/p>\n<p>Ever since, several parties attempted to capitalize social discontent and the hatred towards the CP regime. They attempted to appear as \u2018nationalist\u2019 or liberal outings, but each one only made the situation worse and led economy deeper in to submission to imperialism (particularly European imperialisms, led by Germany). The drop in the living conditions of the population met no end.<\/p>\n<p>In the path of Orban\u2019s party, they obtained 9% of the votes in 1990 and fell to 7% in 1994. However, in this epoch, the factories and farmlands, the woods and enterprises were privatized. Along with foreign investment and the destruction and shutting down of factories came unemployment of up to one million people. Many of the new poor, who resulted from the return of capitalism, became nationalists and liberals. They realized that the privatizations had been too much and national wealth was lost. Orb\u00e1n attempted to build his political platform on this policy. He attempted to appear as \u201cnationalist\u201d, despite being submitted to international capital, thus justifying an authoritarian regime to be able \u201cto defend the nation\u201d from the attacks.<\/p>\n<p>This set the bases for <em>Fidesz<\/em>\u00a0to prevail in the 1998 elections, forming a coalition government that prepared the entry in the European Union. However, they lost the 2002 elections to the socialists.<\/p>\n<p>Orb\u00e1n re-entered office in 2010, pushed by a radical speech before the 2007-2008 world economic crisis. Since, he achieved a two third majority in parliament. With this he reformed the Constitution and emphasized the Christian-conservative values, he restricted freedom of press, through a new bill of communication means he turned public television, radio and state news agency into speak persons of the government, and through centralizing constitutional reforms he focused power in the Judiciary and the Central Bank. The Parliament adopted the bill of the \u201cnew courts\u201d that supervise the public administration and labor cases. With this, the <em>Fidesz<\/em>\u00a0increased its influence in office, mainly in the Judiciary system.<\/p>\n<p>In the last years, Orb\u00e1n adopted a similar speech to current Polish leaders and Salvini from Italy. He blamed the loss of jobs of the natives on the migrants. In other words, he adopted a xenophobic standing, defender of sovereignty, deceiving his voters with false rhetoric, since it is completely dependent on the European Union. He argues with the European Union on the rejection to a common migratory policy, this is his \u201cregistered brand\u201d. He opposes the quota system, agreed upon by majority, rejecting the exiled who live today in Italy or Greece. Orb\u00e1n considers irregular migrants as \u201cinvaders\u201d, \u201ca threat to the sovereignty of Hungary and the preservation of its identity\u201d, which may be invaded by \u201chordes of undocumented Muslims\u201d. There are only 1.5% of foreigners in the country.<\/p>\n<p>The State reforms granted him judiciary conditions to develop his migration policy, which foresees systematic detentions and deportation of the arrested. To help immigrants and refugees is considered a felony. Besides, he has the policy of surcharging the NGOs that support immigrants in any way.<\/p>\n<p>The government also supports conservative actions like the cancelation of the musical Billy Elliot in Budapest, after denouncing it could \u201cturn Hungarian children into homosexuals\u201d.<\/p>\n<p>With this, he became a reference for his neighbors: Italy and Matteo Salvini\u2019s League and the Five Star Movement, the far right wing Party of Freedom in Austria, the far right wing AFD in Germany, and the extremely conservative Law and Justice (PiS) in Poland. In this same sense, he reinforced the so-called Visegrad Group (V4), which includes Poland, Slovakia and the Czech Republic.<\/p>\n<p><strong>\u201cNationalism\u201d sustained by the European Union<\/strong><\/p>\n<p>Orb\u00e1n brags about his economic measures, which he calls \u201cOrbanomics\u201d. They led to a GDP growth (4%) and the reduction of unemployment (it went from over 11% to 3.8%), mainly thanks to a public employment program, in tasks such as cleaning schools and streets where people receive a little more than unemployment insurance. However, it is also because the country has the lowest wages in the European Union, including highly qualified professionals. Laws limit, almost forbid, the right to strike and there was a tax reduction for enterprises, which was already the lowest in the region. Orb\u00e1n promised a million jobs in 10 years, and he said he already reached 740,000.<\/p>\n<p>Despite the lies of the nationalist speech \u2013 he states he faces the empires (\u201cfighting the empires is a Hungarian tradition. First against the Turkish, then the Austrian empire, the Nazis and Communists in the XX Century, and now the European empire\u201d) -, the truth is that the financial equilibrium of Hungary is due to foreign financing, and therefore, they have a high dependence on the foreign nations. The European Union funds sustain the country, with up to 5 billion dollars per years. Evidently, this is no \u2018help\u2019. German and French multinational earn much with this. Without mentioning that 25% of Hungarian exports go to Germany, and the 300,000 people that work for German companies in Hungary. But Orb\u00e1n says he is \u2018independent\u2019 and uses nationalist rhetoric.<\/p>\n<p>On the other hand, Orb\u00e1n attempts to strengthen the links with his neighbors of the east who have the same political profile. By late 2009, Orb\u00e1n went to Saint Petersburg to attend to the \u201cUnited Russia\u201d congress, led by Vladimir Putin. With this, he attempts to hold good relations with the Russian autocrat and blackmail the EU, since he has plans to ask Russia, China and Turkey for money. Today, the country depends on Russian energy, mainly oil and nuclear energy.<\/p>\n<p><strong>Authoritarian and Xenophobic<\/strong><\/p>\n<p>Viktor Orb\u00e1n, 54 years old, was a student leader who fought the Stalinist dictatorship. Therefore, during the first years after the fall of the regime, he appeared for some time as the great \u2018liberal\u2019 promise of the new democracies in Western Europe. Today, this politician held as campaign axis \u201cto protect Hungary from immigration and refugees\u201d. He stands as the defender and savior of the \u201ctraditional Christian values\u201d, conservative, nationalist, euro-skeptic, defender of the \u201canti-liberal state\u201d, of an authoritarian, xenophobic and nepotistic government. From his position within the state, Orb\u00e1n became one of the wealthiest men in Europe (he owns a communications conglomerate with 176 companies and means of communication).<\/p>\n<p>He says he is the enemy of bourgeois imperialists, considered democratic, like Hillary Clinton and Angela Merkel. His archenemy is George Soros, Hungarian multimillionaire linked to the USA Democrat Party, whom he accuses to be a \u2018capitalist Jew\u2019. Equally, he denounces the \u201cstar\u201d of the Heineken brand, a Dutch multinational, for being the symbol of \u201ccommunism\u201d. According to his chief of staff, Janos Lazar, there is a \u201cfever of sensibility\u201d of the Hungarians, who \u201csuffered with communism and its dictatorship\u201d. Actually, this is part of his current far right wing rhetoric, because he has no problem with dictatorships like the ones of Vladimir Putin, Recep Tayyip Erdogan or Xi Jinping in China.<\/p>\n<p><strong>The EU co-exists with Orb\u00e1n<\/strong><\/p>\n<p>Even the European Parliament, known for its negligence of the defense of human rights, decided to open a process against Hungary for \u201crisks of serious violations of fundamental values and rights\u201d, at least to sustain appearances. The process could lead to the loss of the right to vote in the decisions of the European block, but this would not be the main sanction. Hungary and Poland stand between the countries of the block who benefited the most of the European community funds.<\/p>\n<p>If in fact, the European Union wanted to exert some pressure, it could cut the funds. However, this would cause prejudice for European multinationals, mainly the French and Germans. However, as Michael Ignatieff says, president of the Center-European University (forced to move to Vienna due to the government\u2019s persecution), the European Union holds \u201ccomplicity and conformity\u201d with Orb\u00e1n. For example, his party the Fidesz, continues to be a member of the European People\u2019s Party (EPP), which is Merkel\u2019s administration sustain.<\/p>\n<p><strong>Protests in Hungary<\/strong><\/p>\n<p>Due to the poor labor conditions in the country, 600 thousand workers migrated to other European Union countries, which combined with the end of the immigrant flux, it generated the need of labor power.<\/p>\n<p>For this, the Orb\u00e1n administration pushed a labor reform, which is known as the \u201cBill of Slaves\u201d. It increases from 250 to 400 the maximum number of overtime allowed in a year, a six-day labor week and it authorizes entrepreneurs to pay overtime in up to 36 months. The bill comes from need due to scarce labor power, and it seeks to benefit great international manufacturing enterprises. In 2015, the government had carried out a program to motivate young people to return to their homes, offering houses and making labor promises, better labor conditions, although more precarious than in the rest of the continent, but it did not work.<\/p>\n<p>Therefore, the patience of the workers and the youth with this model began to run out. Protests began when the opposition representatives began to claim in the building of the state television and were brutally repressed and expelled by the security forces of a private company, owned by the Interior Minister, general Pint\u00e9r. Street cuts and demonstrations summoned via Internet, with leaflets, pamphlets, songs, video clips, gifs and memes. They reached their peak on Sunday December 16, 2018, with around 20 thousand people marching in Budapest. Besides, there were protests in other cities like Szeged, B\u00e9k\u00e9scsaba, Debrecen, Miskolc, Veszpr\u00e9m, and Gy\u00f6r. Polls showed 83% of the population stands against this \u201cOvertime Bill\u201d.<\/p>\n<p>The government argues that if they work more, they will earn more, but\u2026 only in a few years. It denounces the protests as work of foreign mercenaries paid by George Soros, as part of a \u201cJewish-Mason-illuminate plot\u201d, caused by \u201ccultural Marxists\u201d, \u201cfeminists\u201d, \u201ccosmopolite globalizers\u201d and by \u201cGay lobby\u201d.<\/p>\n<p><strong>Workers in Hungary are showing the Path<\/strong><\/p>\n<p>We may draw some conclusions about the experience in Hungary that may help for Brazil. One of them is that despite the electoral victories of far right wing organizations and parties, workers make their experience from the measures these governments adopt regarding their living and labor conditions, and they fight for their rights.<\/p>\n<p>As the Hungarian philosopher Gaspar Mikl\u00f3s Tam\u00e1s says, \u201cAfter the bitter disappointment of the past 15 years, electoral politics remain in a second level, no one seems to be interested in it\u201d.<\/p>\n<p>Bolsonaro believes he is joining a growing wave that will send him to the top of an international \u2018anti-globalization\u2019 phenomenon, and he was pleased with the presence of Orb\u00e1n, Netanyahu and Trump\u2019s Secretary of State in his inauguration ceremony. However, when this government\u2019s attacks begin to affect the rights of the working class, there will be a reaction, and Bolsonaro will have to face growingly organized struggles, as it happens in Hungary today.<\/p>\n","protected":false},"excerpt":{"rendered":"<p>Recently, President Jair Bolsonaro stated much identification with Hungarian Prime Minister Viktor Orban. He is considered far right wing and was present on Bolsonaro\u2019s inauguration ceremony on January 1st. The Hungarian congratulated him for the electoral victory and the Brazilian ensured they would be \u201cgreat associates in the future\u201d. By Mikos Puzser, from Munich Regarding [&hellip;]<\/p>\n","protected":false},"author":1,"featured_media":11496,"menu_order":763,"comment_status":"open","ping_status":"open","sticky":false,"template":"","format":"standard","meta":{"litci_post_political_author":"","_jetpack_memberships_contains_paid_content":false,"footnotes":""},"categories":[3508,4093],"tags":[470,3576,4094,4095],"class_list":["post-11495","post","type-post","status-publish","format-standard","has-post-thumbnail","hentry","category-brazil","category-hungary","tag-bolsonaro","tag-brazil","tag-hungary","tag-orban"],"yoast_head":"<!-- This site is optimized with the Yoast SEO plugin v26.9 - https:\/\/yoast.com\/product\/yoast-seo-wordpress\/ -->\n<title>Brazil could follow the Example of Hungary - International Worker&#039;s League<\/title>\n<meta name=\"robots\" content=\"index, follow, max-snippet:-1, max-image-preview:large, max-video-preview:-1\" \/>\n<link rel=\"canonical\" href=\"https:\/\/litci.org\/en\/brazil-could-follow-the-example-of-hungary\/\" \/>\n<meta property=\"og:locale\" content=\"en_US\" \/>\n<meta property=\"og:type\" content=\"article\" \/>\n<meta property=\"og:title\" content=\"Brazil could follow the Example of Hungary - International Worker&#039;s League\" \/>\n<meta property=\"og:description\" content=\"Recently, President Jair Bolsonaro stated much identification with Hungarian Prime Minister Viktor Orban. He is considered far right wing and was present on Bolsonaro\u2019s inauguration ceremony on January 1st. The Hungarian congratulated him for the electoral victory and the Brazilian ensured they would be \u201cgreat associates in the future\u201d. By Mikos Puzser, from Munich Regarding [&hellip;]\" \/>\n<meta property=\"og:url\" content=\"https:\/\/litci.org\/en\/brazil-could-follow-the-example-of-hungary\/\" \/>\n<meta property=\"og:site_name\" content=\"International Worker&#039;s League\" \/>\n<meta property=\"article:published_time\" content=\"2019-02-01T13:43:16+00:00\" \/>\n<meta property=\"og:image\" content=\"https:\/\/i0.wp.com\/litci.org\/en\/wp-content\/uploads\/2019\/02\/orban-bolsonaro.jpg?fit=275%2C183&ssl=1\" \/>\n\t<meta property=\"og:image:width\" content=\"275\" \/>\n\t<meta property=\"og:image:height\" content=\"183\" \/>\n\t<meta property=\"og:image:type\" content=\"image\/jpeg\" \/>\n<meta name=\"author\" content=\"litci\" \/>\n<meta name=\"twitter:card\" content=\"summary_large_image\" \/>\n<meta name=\"twitter:label1\" content=\"Written by\" \/>\n\t<meta name=\"twitter:data1\" content=\"litci\" \/>\n\t<meta name=\"twitter:label2\" content=\"Est. reading time\" \/>\n\t<meta name=\"twitter:data2\" content=\"10 minutes\" \/>\n<script type=\"application\/ld+json\" class=\"yoast-schema-graph\">{\"@context\":\"https:\/\/schema.org\",\"@graph\":[{\"@type\":\"Article\",\"@id\":\"https:\/\/litci.org\/en\/brazil-could-follow-the-example-of-hungary\/#article\",\"isPartOf\":{\"@id\":\"https:\/\/litci.org\/en\/brazil-could-follow-the-example-of-hungary\/\"},\"author\":{\"name\":\"litci\",\"@id\":\"https:\/\/litci.org\/en\/#\/schema\/person\/3270456e79331cc584ec99dbb4d52fe3\"},\"headline\":\"Brazil could follow the Example of Hungary\",\"datePublished\":\"2019-02-01T13:43:16+00:00\",\"mainEntityOfPage\":{\"@id\":\"https:\/\/litci.org\/en\/brazil-could-follow-the-example-of-hungary\/\"},\"wordCount\":2089,\"commentCount\":0,\"publisher\":{\"@id\":\"https:\/\/litci.org\/en\/#organization\"},\"image\":{\"@id\":\"https:\/\/litci.org\/en\/brazil-could-follow-the-example-of-hungary\/#primaryimage\"},\"thumbnailUrl\":\"https:\/\/i0.wp.com\/litci.org\/en\/wp-content\/uploads\/2019\/02\/orban-bolsonaro.jpg?fit=275%2C183&ssl=1\",\"keywords\":[\"Bolsonaro\",\"Brazil\",\"Hungary\",\"Orban\"],\"articleSection\":[\"Brazil\",\"Hungary\"],\"inLanguage\":\"en-US\",\"potentialAction\":[{\"@type\":\"CommentAction\",\"name\":\"Comment\",\"target\":[\"https:\/\/litci.org\/en\/brazil-could-follow-the-example-of-hungary\/#respond\"]}]},{\"@type\":\"WebPage\",\"@id\":\"https:\/\/litci.org\/en\/brazil-could-follow-the-example-of-hungary\/\",\"url\":\"https:\/\/litci.org\/en\/brazil-could-follow-the-example-of-hungary\/\",\"name\":\"Brazil could follow the Example of Hungary - International Worker&#039;s League\",\"isPartOf\":{\"@id\":\"https:\/\/litci.org\/en\/#website\"},\"primaryImageOfPage\":{\"@id\":\"https:\/\/litci.org\/en\/brazil-could-follow-the-example-of-hungary\/#primaryimage\"},\"image\":{\"@id\":\"https:\/\/litci.org\/en\/brazil-could-follow-the-example-of-hungary\/#primaryimage\"},\"thumbnailUrl\":\"https:\/\/i0.wp.com\/litci.org\/en\/wp-content\/uploads\/2019\/02\/orban-bolsonaro.jpg?fit=275%2C183&ssl=1\",\"datePublished\":\"2019-02-01T13:43:16+00:00\",\"breadcrumb\":{\"@id\":\"https:\/\/litci.org\/en\/brazil-could-follow-the-example-of-hungary\/#breadcrumb\"},\"inLanguage\":\"en-US\",\"potentialAction\":[{\"@type\":\"ReadAction\",\"target\":[\"https:\/\/litci.org\/en\/brazil-could-follow-the-example-of-hungary\/\"]}]},{\"@type\":\"ImageObject\",\"inLanguage\":\"en-US\",\"@id\":\"https:\/\/litci.org\/en\/brazil-could-follow-the-example-of-hungary\/#primaryimage\",\"url\":\"https:\/\/i0.wp.com\/litci.org\/en\/wp-content\/uploads\/2019\/02\/orban-bolsonaro.jpg?fit=275%2C183&ssl=1\",\"contentUrl\":\"https:\/\/i0.wp.com\/litci.org\/en\/wp-content\/uploads\/2019\/02\/orban-bolsonaro.jpg?fit=275%2C183&ssl=1\",\"width\":275,\"height\":183},{\"@type\":\"BreadcrumbList\",\"@id\":\"https:\/\/litci.org\/en\/brazil-could-follow-the-example-of-hungary\/#breadcrumb\",\"itemListElement\":[{\"@type\":\"ListItem\",\"position\":1,\"name\":\"Home\",\"item\":\"https:\/\/litci.org\/en\/\"},{\"@type\":\"ListItem\",\"position\":2,\"name\":\"Brazil could follow the Example of Hungary\"}]},{\"@type\":\"WebSite\",\"@id\":\"https:\/\/litci.org\/en\/#website\",\"url\":\"https:\/\/litci.org\/en\/\",\"name\":\"International Worker&#039;s League\",\"description\":\"\",\"publisher\":{\"@id\":\"https:\/\/litci.org\/en\/#organization\"},\"potentialAction\":[{\"@type\":\"SearchAction\",\"target\":{\"@type\":\"EntryPoint\",\"urlTemplate\":\"https:\/\/litci.org\/en\/?s={search_term_string}\"},\"query-input\":{\"@type\":\"PropertyValueSpecification\",\"valueRequired\":true,\"valueName\":\"search_term_string\"}}],\"inLanguage\":\"en-US\"},{\"@type\":\"Organization\",\"@id\":\"https:\/\/litci.org\/en\/#organization\",\"name\":\"International Worker&#039;s League\",\"url\":\"https:\/\/litci.org\/en\/\",\"logo\":{\"@type\":\"ImageObject\",\"inLanguage\":\"en-US\",\"@id\":\"https:\/\/litci.org\/en\/#\/schema\/logo\/image\/\",\"url\":\"https:\/\/i0.wp.com\/litci.org\/en\/wp-content\/uploads\/2023\/02\/logo-english-1.png?fit=1307%2C712&ssl=1\",\"contentUrl\":\"https:\/\/i0.wp.com\/litci.org\/en\/wp-content\/uploads\/2023\/02\/logo-english-1.png?fit=1307%2C712&ssl=1\",\"width\":1307,\"height\":712,\"caption\":\"International Worker&#039;s League\"},\"image\":{\"@id\":\"https:\/\/litci.org\/en\/#\/schema\/logo\/image\/\"}},{\"@type\":\"Person\",\"@id\":\"https:\/\/litci.org\/en\/#\/schema\/person\/3270456e79331cc584ec99dbb4d52fe3\",\"name\":\"litci\",\"image\":{\"@type\":\"ImageObject\",\"inLanguage\":\"en-US\",\"@id\":\"https:\/\/litci.org\/en\/#\/schema\/person\/image\/\",\"url\":\"https:\/\/secure.gravatar.com\/avatar\/c5ccde5393ccb83747702c5ca92f55d8fdaf99be9432d0142571c6d437fbaadb?s=96&d=mm&r=g\",\"contentUrl\":\"https:\/\/secure.gravatar.com\/avatar\/c5ccde5393ccb83747702c5ca92f55d8fdaf99be9432d0142571c6d437fbaadb?s=96&d=mm&r=g\",\"caption\":\"litci\"},\"sameAs\":[\"http:\/\/litci.org\/en\"],\"url\":\"https:\/\/litci.org\/en\/author\/litci\/\"}]}<\/script>\n<!-- \/ Yoast SEO plugin. -->","yoast_head_json":{"title":"Brazil could follow the Example of Hungary - International Worker&#039;s League","robots":{"index":"index","follow":"follow","max-snippet":"max-snippet:-1","max-image-preview":"max-image-preview:large","max-video-preview":"max-video-preview:-1"},"canonical":"https:\/\/litci.org\/en\/brazil-could-follow-the-example-of-hungary\/","og_locale":"en_US","og_type":"article","og_title":"Brazil could follow the Example of Hungary - International Worker&#039;s League","og_description":"Recently, President Jair Bolsonaro stated much identification with Hungarian Prime Minister Viktor Orban. He is considered far right wing and was present on Bolsonaro\u2019s inauguration ceremony on January 1st. The Hungarian congratulated him for the electoral victory and the Brazilian ensured they would be \u201cgreat associates in the future\u201d. By Mikos Puzser, from Munich Regarding [&hellip;]","og_url":"https:\/\/litci.org\/en\/brazil-could-follow-the-example-of-hungary\/","og_site_name":"International Worker&#039;s League","article_published_time":"2019-02-01T13:43:16+00:00","og_image":[{"width":275,"height":183,"url":"https:\/\/i0.wp.com\/litci.org\/en\/wp-content\/uploads\/2019\/02\/orban-bolsonaro.jpg?fit=275%2C183&ssl=1","type":"image\/jpeg"}],"author":"litci","twitter_card":"summary_large_image","twitter_misc":{"Written by":"litci","Est. reading time":"10 minutes"},"schema":{"@context":"https:\/\/schema.org","@graph":[{"@type":"Article","@id":"https:\/\/litci.org\/en\/brazil-could-follow-the-example-of-hungary\/#article","isPartOf":{"@id":"https:\/\/litci.org\/en\/brazil-could-follow-the-example-of-hungary\/"},"author":{"name":"litci","@id":"https:\/\/litci.org\/en\/#\/schema\/person\/3270456e79331cc584ec99dbb4d52fe3"},"headline":"Brazil could follow the Example of Hungary","datePublished":"2019-02-01T13:43:16+00:00","mainEntityOfPage":{"@id":"https:\/\/litci.org\/en\/brazil-could-follow-the-example-of-hungary\/"},"wordCount":2089,"commentCount":0,"publisher":{"@id":"https:\/\/litci.org\/en\/#organization"},"image":{"@id":"https:\/\/litci.org\/en\/brazil-could-follow-the-example-of-hungary\/#primaryimage"},"thumbnailUrl":"https:\/\/i0.wp.com\/litci.org\/en\/wp-content\/uploads\/2019\/02\/orban-bolsonaro.jpg?fit=275%2C183&ssl=1","keywords":["Bolsonaro","Brazil","Hungary","Orban"],"articleSection":["Brazil","Hungary"],"inLanguage":"en-US","potentialAction":[{"@type":"CommentAction","name":"Comment","target":["https:\/\/litci.org\/en\/brazil-could-follow-the-example-of-hungary\/#respond"]}]},{"@type":"WebPage","@id":"https:\/\/litci.org\/en\/brazil-could-follow-the-example-of-hungary\/","url":"https:\/\/litci.org\/en\/brazil-could-follow-the-example-of-hungary\/","name":"Brazil could follow the Example of Hungary - International Worker&#039;s League","isPartOf":{"@id":"https:\/\/litci.org\/en\/#website"},"primaryImageOfPage":{"@id":"https:\/\/litci.org\/en\/brazil-could-follow-the-example-of-hungary\/#primaryimage"},"image":{"@id":"https:\/\/litci.org\/en\/brazil-could-follow-the-example-of-hungary\/#primaryimage"},"thumbnailUrl":"https:\/\/i0.wp.com\/litci.org\/en\/wp-content\/uploads\/2019\/02\/orban-bolsonaro.jpg?fit=275%2C183&ssl=1","datePublished":"2019-02-01T13:43:16+00:00","breadcrumb":{"@id":"https:\/\/litci.org\/en\/brazil-could-follow-the-example-of-hungary\/#breadcrumb"},"inLanguage":"en-US","potentialAction":[{"@type":"ReadAction","target":["https:\/\/litci.org\/en\/brazil-could-follow-the-example-of-hungary\/"]}]},{"@type":"ImageObject","inLanguage":"en-US","@id":"https:\/\/litci.org\/en\/brazil-could-follow-the-example-of-hungary\/#primaryimage","url":"https:\/\/i0.wp.com\/litci.org\/en\/wp-content\/uploads\/2019\/02\/orban-bolsonaro.jpg?fit=275%2C183&ssl=1","contentUrl":"https:\/\/i0.wp.com\/litci.org\/en\/wp-content\/uploads\/2019\/02\/orban-bolsonaro.jpg?fit=275%2C183&ssl=1","width":275,"height":183},{"@type":"BreadcrumbList","@id":"https:\/\/litci.org\/en\/brazil-could-follow-the-example-of-hungary\/#breadcrumb","itemListElement":[{"@type":"ListItem","position":1,"name":"Home","item":"https:\/\/litci.org\/en\/"},{"@type":"ListItem","position":2,"name":"Brazil could follow the Example of Hungary"}]},{"@type":"WebSite","@id":"https:\/\/litci.org\/en\/#website","url":"https:\/\/litci.org\/en\/","name":"International Worker&#039;s League","description":"","publisher":{"@id":"https:\/\/litci.org\/en\/#organization"},"potentialAction":[{"@type":"SearchAction","target":{"@type":"EntryPoint","urlTemplate":"https:\/\/litci.org\/en\/?s={search_term_string}"},"query-input":{"@type":"PropertyValueSpecification","valueRequired":true,"valueName":"search_term_string"}}],"inLanguage":"en-US"},{"@type":"Organization","@id":"https:\/\/litci.org\/en\/#organization","name":"International Worker&#039;s League","url":"https:\/\/litci.org\/en\/","logo":{"@type":"ImageObject","inLanguage":"en-US","@id":"https:\/\/litci.org\/en\/#\/schema\/logo\/image\/","url":"https:\/\/i0.wp.com\/litci.org\/en\/wp-content\/uploads\/2023\/02\/logo-english-1.png?fit=1307%2C712&ssl=1","contentUrl":"https:\/\/i0.wp.com\/litci.org\/en\/wp-content\/uploads\/2023\/02\/logo-english-1.png?fit=1307%2C712&ssl=1","width":1307,"height":712,"caption":"International Worker&#039;s League"},"image":{"@id":"https:\/\/litci.org\/en\/#\/schema\/logo\/image\/"}},{"@type":"Person","@id":"https:\/\/litci.org\/en\/#\/schema\/person\/3270456e79331cc584ec99dbb4d52fe3","name":"litci","image":{"@type":"ImageObject","inLanguage":"en-US","@id":"https:\/\/litci.org\/en\/#\/schema\/person\/image\/","url":"https:\/\/secure.gravatar.com\/avatar\/c5ccde5393ccb83747702c5ca92f55d8fdaf99be9432d0142571c6d437fbaadb?s=96&d=mm&r=g","contentUrl":"https:\/\/secure.gravatar.com\/avatar\/c5ccde5393ccb83747702c5ca92f55d8fdaf99be9432d0142571c6d437fbaadb?s=96&d=mm&r=g","caption":"litci"},"sameAs":["http:\/\/litci.org\/en"],"url":"https:\/\/litci.org\/en\/author\/litci\/"}]}},"jetpack_featured_media_url":"https:\/\/i0.wp.com\/litci.org\/en\/wp-content\/uploads\/2019\/02\/orban-bolsonaro.jpg?fit=275%2C183&ssl=1","fimg_url":"https:\/\/i0.wp.com\/litci.org\/en\/wp-content\/uploads\/2019\/02\/orban-bolsonaro.jpg?fit=275%2C183&ssl=1","categories_names":["Brazil","Hungary"],"author_info":{"name":"litci","pic":"https:\/\/secure.gravatar.com\/avatar\/c5ccde5393ccb83747702c5ca92f55d8fdaf99be9432d0142571c6d437fbaadb?s=96&d=mm&r=g"},"political_author":null,"tagline":"","jetpack_sharing_enabled":true,"_links":{"self":[{"href":"https:\/\/litci.org\/en\/wp-json\/wp\/v2\/posts\/11495","targetHints":{"allow":["GET"]}}],"collection":[{"href":"https:\/\/litci.org\/en\/wp-json\/wp\/v2\/posts"}],"about":[{"href":"https:\/\/litci.org\/en\/wp-json\/wp\/v2\/types\/post"}],"author":[{"embeddable":true,"href":"https:\/\/litci.org\/en\/wp-json\/wp\/v2\/users\/1"}],"replies":[{"embeddable":true,"href":"https:\/\/litci.org\/en\/wp-json\/wp\/v2\/comments?post=11495"}],"version-history":[{"count":0,"href":"https:\/\/litci.org\/en\/wp-json\/wp\/v2\/posts\/11495\/revisions"}],"wp:featuredmedia":[{"embeddable":true,"href":"https:\/\/litci.org\/en\/wp-json\/wp\/v2\/media\/11496"}],"wp:attachment":[{"href":"https:\/\/litci.org\/en\/wp-json\/wp\/v2\/media?parent=11495"}],"wp:term":[{"taxonomy":"category","embeddable":true,"href":"https:\/\/litci.org\/en\/wp-json\/wp\/v2\/categories?post=11495"},{"taxonomy":"post_tag","embeddable":true,"href":"https:\/\/litci.org\/en\/wp-json\/wp\/v2\/tags?post=11495"}],"curies":[{"name":"wp","href":"https:\/\/api.w.org\/{rel}","templated":true}]}}