{"id":11128,"date":"2018-12-20T15:24:24","date_gmt":"2018-12-20T15:24:24","guid":{"rendered":"https:\/\/litci.org\/en\/?p=11128"},"modified":"2018-12-20T15:24:24","modified_gmt":"2018-12-20T15:24:24","slug":"protests-in-hungary-increase","status":"publish","type":"post","link":"https:\/\/litci.org\/en\/protests-in-hungary-increase\/","title":{"rendered":"Protests in Hungary Increase"},"content":{"rendered":"<p><em>There is a social uprising in Hungary. <\/em><em>Despite the weather under zero, between 15 and 20 thousand people marched last Sunday in the capital, Budapest, to reject a perverse labor reform pushed by the far right government of Viktor Orb\u00e1n, a tyrant that controls power with iron hands since 2010.<\/em><!--more--><br \/>\nBy Daniel Sugasti<br \/>\nThe Hungarian Prime Minister is known for been a fierce defender of closing European frontiers for refugees. In this sense, he has shielded his country with wire fences to stop migrants from entering. Mainly those from the Middle East, completely helpless people who risk their lives to escape from devastation of countries like Syria, and who are attempting better lives in Europe. Orb\u00e1n, for example, sustains that all migrant is a potential \u201cterrorist\u201d that could represent danger for the \u201cChristian values of Europe\u201d. In this same context, marked by shocking statements and xenophobic measures, he went on to defend the death penalty.<br \/>\nThe labor reform led to the current crisis. Protestors named it <em>the slavery bill<\/em>. It increases from 250 to 400 the maximum number of overtime hours allowed per year. Besides, it imposes a six-day labor week and authorizes entrepreneurs to pay overtime in up to 36 months.<br \/>\nEvidently, we are before a measure that overexploits the working class, imposed by a corrupt dictatorship and rejected by the people. The IWL-FI stands in absolute and unconditional support to the Hungarian people. We urge all social and left wing organizations to stand in solidarity with this struggle.<br \/>\nThe Hungarian movement, with a dynamic still hard to specify, is apparently increasing. Besides Budapest, there were also protests in other six great cities: Szeged, B\u00e9k\u00e9scsaba, Debrecen, Miskolc, Veszpr\u00e9m, and Gy\u00f6r.<br \/>\nDemonstrations up until now have been relatively \u201cpeaceful\u201d. They have been taking place since last Wednesday (12\/12), but the tenser day was on Sunday.<br \/>\nThe demonstration was called <em>\u201cMerry Christmas, Mr. Prime Minister\u201d, <\/em>in reference to a parliamentary debate where the opposition questioned Orb\u00e1n about his policies and he just wished \u201chappy holidays\u201d.<br \/>\nAfter a march around the capital, which passed in front of the Parliament, thousands of people went to the headquarters of public television MTV, official spokesperson of the government. As a result, they were repressed with tear gas and water jets. There were also clashes between police and protestors.<br \/>\nUnions, students and almost all opposition political parties have summoned the demonstrations. The voting of the labor reform (12\/13) was turbulent and it included the occupation of the Parliament table by opposition representatives. There is crisis \u201cabove\u201d.<br \/>\nOne must highlight that this is not Orb\u00e1n\u2019s first attack against the working class. Previously, he adopted a law that practically turns the right to strike illegal. On the other hand, he lowered taxes on enterprises, which were already the lowest in the European Union (EU).<br \/>\nThe government says that <em>the slavery bill<\/em> is necessary due to supposed shortage in labor power. In fact, in the last years, over 600 thousand Hungarians left the country, sick and tired of the dictatorship and the lousy economic and social conditions.<br \/>\nOrb\u00e1n, using this alarming indicator, he argues that the only way to \u201ccompensate\u201d the \u201clack\u201d of labor power is increasing the hour workload of local workers.<br \/>\nThe government also answered the protests using a beaten speech: everything is related to a \u201cconspiracy\u201d financed by the multimillionaire George Soros, or by \u201cforces\u201d that want to flood Hungary of migrant \u201cdangers\u201d. Saturday, Orb\u00e1n\u2019s party, the <em>Fidesz, <\/em>denounced that \u201ccriminals stand behind the confrontations in the streets.\u201d<br \/>\nIn other words, besides direct repression, there is an entire campaign of smear and slander against social protests.<br \/>\nHowever, a fact is evident. This is the greatest wave of protests against the dictator Orb\u00e1n since he entered office. It is necessary to intensify the demonstrations and specify the movement\u2019s program. It must go all the way and face the fight to overthrow the anti-worker, xenophobic and far right dictator that poses to turn labor laws even more \u201cslavery-like\u201d.<br \/>\nIn our opinion, it is also necessary to hold a policy to incorporate the working class, both organized and not organized, to join the youth and the other \u201coutraged\u201d sectors facing the government. This would be an irresistible social force not only to end the <em>slavery bill<\/em>, but to advance and oust Orb\u00e1n.<\/p>\n","protected":false},"excerpt":{"rendered":"<p>There is a social uprising in Hungary. Despite the weather under zero, between 15 and 20 thousand people marched last Sunday in the capital, Budapest, to reject a perverse labor reform pushed by the far right government of Viktor Orb\u00e1n, a tyrant that controls power with iron hands since 2010.<\/p>\n","protected":false},"author":1,"featured_media":11129,"menu_order":776,"comment_status":"open","ping_status":"open","sticky":false,"template":"","format":"standard","meta":{"litci_post_political_author":"","_jetpack_memberships_contains_paid_content":false,"footnotes":""},"categories":[4093],"tags":[4094,4095,5744],"class_list":["post-11128","post","type-post","status-publish","format-standard","has-post-thumbnail","hentry","category-hungary","tag-hungary","tag-orban","tag-slavery-bill"],"yoast_head":"<!-- This site is optimized with the Yoast SEO plugin v26.9 - https:\/\/yoast.com\/product\/yoast-seo-wordpress\/ -->\n<title>Protests in Hungary Increase - International Worker&#039;s League<\/title>\n<meta name=\"robots\" content=\"index, follow, max-snippet:-1, max-image-preview:large, max-video-preview:-1\" \/>\n<link rel=\"canonical\" href=\"https:\/\/litci.org\/en\/protests-in-hungary-increase\/\" \/>\n<meta property=\"og:locale\" content=\"en_US\" \/>\n<meta property=\"og:type\" content=\"article\" \/>\n<meta property=\"og:title\" content=\"Protests in Hungary Increase - International Worker&#039;s League\" \/>\n<meta property=\"og:description\" content=\"There is a social uprising in Hungary. Despite the weather under zero, between 15 and 20 thousand people marched last Sunday in the capital, Budapest, to reject a perverse labor reform pushed by the far right government of Viktor Orb\u00e1n, a tyrant that controls power with iron hands since 2010.\" \/>\n<meta property=\"og:url\" content=\"https:\/\/litci.org\/en\/protests-in-hungary-increase\/\" \/>\n<meta property=\"og:site_name\" content=\"International Worker&#039;s League\" \/>\n<meta property=\"article:published_time\" content=\"2018-12-20T15:24:24+00:00\" \/>\n<meta property=\"og:image\" content=\"https:\/\/i0.wp.com\/litci.org\/en\/wp-content\/uploads\/2018\/12\/luces-en-protesta-en-hungria.jpg?fit=830%2C511&ssl=1\" \/>\n\t<meta property=\"og:image:width\" content=\"830\" \/>\n\t<meta property=\"og:image:height\" content=\"511\" \/>\n\t<meta property=\"og:image:type\" content=\"image\/jpeg\" \/>\n<meta name=\"author\" content=\"litci\" \/>\n<meta name=\"twitter:card\" content=\"summary_large_image\" \/>\n<meta name=\"twitter:label1\" content=\"Written by\" \/>\n\t<meta name=\"twitter:data1\" content=\"litci\" \/>\n\t<meta name=\"twitter:label2\" content=\"Est. reading time\" \/>\n\t<meta name=\"twitter:data2\" content=\"4 minutes\" \/>\n<script type=\"application\/ld+json\" class=\"yoast-schema-graph\">{\"@context\":\"https:\/\/schema.org\",\"@graph\":[{\"@type\":\"Article\",\"@id\":\"https:\/\/litci.org\/en\/protests-in-hungary-increase\/#article\",\"isPartOf\":{\"@id\":\"https:\/\/litci.org\/en\/protests-in-hungary-increase\/\"},\"author\":{\"name\":\"litci\",\"@id\":\"https:\/\/litci.org\/en\/#\/schema\/person\/3270456e79331cc584ec99dbb4d52fe3\"},\"headline\":\"Protests in Hungary Increase\",\"datePublished\":\"2018-12-20T15:24:24+00:00\",\"mainEntityOfPage\":{\"@id\":\"https:\/\/litci.org\/en\/protests-in-hungary-increase\/\"},\"wordCount\":723,\"commentCount\":0,\"publisher\":{\"@id\":\"https:\/\/litci.org\/en\/#organization\"},\"image\":{\"@id\":\"https:\/\/litci.org\/en\/protests-in-hungary-increase\/#primaryimage\"},\"thumbnailUrl\":\"https:\/\/i0.wp.com\/litci.org\/en\/wp-content\/uploads\/2018\/12\/luces-en-protesta-en-hungria.jpg?fit=830%2C511&ssl=1\",\"keywords\":[\"Hungary\",\"Orban\",\"slavery bill\"],\"articleSection\":[\"Hungary\"],\"inLanguage\":\"en-US\",\"potentialAction\":[{\"@type\":\"CommentAction\",\"name\":\"Comment\",\"target\":[\"https:\/\/litci.org\/en\/protests-in-hungary-increase\/#respond\"]}]},{\"@type\":\"WebPage\",\"@id\":\"https:\/\/litci.org\/en\/protests-in-hungary-increase\/\",\"url\":\"https:\/\/litci.org\/en\/protests-in-hungary-increase\/\",\"name\":\"Protests in Hungary Increase - International Worker&#039;s League\",\"isPartOf\":{\"@id\":\"https:\/\/litci.org\/en\/#website\"},\"primaryImageOfPage\":{\"@id\":\"https:\/\/litci.org\/en\/protests-in-hungary-increase\/#primaryimage\"},\"image\":{\"@id\":\"https:\/\/litci.org\/en\/protests-in-hungary-increase\/#primaryimage\"},\"thumbnailUrl\":\"https:\/\/i0.wp.com\/litci.org\/en\/wp-content\/uploads\/2018\/12\/luces-en-protesta-en-hungria.jpg?fit=830%2C511&ssl=1\",\"datePublished\":\"2018-12-20T15:24:24+00:00\",\"breadcrumb\":{\"@id\":\"https:\/\/litci.org\/en\/protests-in-hungary-increase\/#breadcrumb\"},\"inLanguage\":\"en-US\",\"potentialAction\":[{\"@type\":\"ReadAction\",\"target\":[\"https:\/\/litci.org\/en\/protests-in-hungary-increase\/\"]}]},{\"@type\":\"ImageObject\",\"inLanguage\":\"en-US\",\"@id\":\"https:\/\/litci.org\/en\/protests-in-hungary-increase\/#primaryimage\",\"url\":\"https:\/\/i0.wp.com\/litci.org\/en\/wp-content\/uploads\/2018\/12\/luces-en-protesta-en-hungria.jpg?fit=830%2C511&ssl=1\",\"contentUrl\":\"https:\/\/i0.wp.com\/litci.org\/en\/wp-content\/uploads\/2018\/12\/luces-en-protesta-en-hungria.jpg?fit=830%2C511&ssl=1\",\"width\":830,\"height\":511},{\"@type\":\"BreadcrumbList\",\"@id\":\"https:\/\/litci.org\/en\/protests-in-hungary-increase\/#breadcrumb\",\"itemListElement\":[{\"@type\":\"ListItem\",\"position\":1,\"name\":\"Home\",\"item\":\"https:\/\/litci.org\/en\/\"},{\"@type\":\"ListItem\",\"position\":2,\"name\":\"Protests in Hungary Increase\"}]},{\"@type\":\"WebSite\",\"@id\":\"https:\/\/litci.org\/en\/#website\",\"url\":\"https:\/\/litci.org\/en\/\",\"name\":\"International Worker&#039;s League\",\"description\":\"\",\"publisher\":{\"@id\":\"https:\/\/litci.org\/en\/#organization\"},\"potentialAction\":[{\"@type\":\"SearchAction\",\"target\":{\"@type\":\"EntryPoint\",\"urlTemplate\":\"https:\/\/litci.org\/en\/?s={search_term_string}\"},\"query-input\":{\"@type\":\"PropertyValueSpecification\",\"valueRequired\":true,\"valueName\":\"search_term_string\"}}],\"inLanguage\":\"en-US\"},{\"@type\":\"Organization\",\"@id\":\"https:\/\/litci.org\/en\/#organization\",\"name\":\"International Worker&#039;s League\",\"url\":\"https:\/\/litci.org\/en\/\",\"logo\":{\"@type\":\"ImageObject\",\"inLanguage\":\"en-US\",\"@id\":\"https:\/\/litci.org\/en\/#\/schema\/logo\/image\/\",\"url\":\"https:\/\/i0.wp.com\/litci.org\/en\/wp-content\/uploads\/2023\/02\/logo-english-1.png?fit=1307%2C712&ssl=1\",\"contentUrl\":\"https:\/\/i0.wp.com\/litci.org\/en\/wp-content\/uploads\/2023\/02\/logo-english-1.png?fit=1307%2C712&ssl=1\",\"width\":1307,\"height\":712,\"caption\":\"International Worker&#039;s League\"},\"image\":{\"@id\":\"https:\/\/litci.org\/en\/#\/schema\/logo\/image\/\"}},{\"@type\":\"Person\",\"@id\":\"https:\/\/litci.org\/en\/#\/schema\/person\/3270456e79331cc584ec99dbb4d52fe3\",\"name\":\"litci\",\"image\":{\"@type\":\"ImageObject\",\"inLanguage\":\"en-US\",\"@id\":\"https:\/\/litci.org\/en\/#\/schema\/person\/image\/\",\"url\":\"https:\/\/secure.gravatar.com\/avatar\/c5ccde5393ccb83747702c5ca92f55d8fdaf99be9432d0142571c6d437fbaadb?s=96&d=mm&r=g\",\"contentUrl\":\"https:\/\/secure.gravatar.com\/avatar\/c5ccde5393ccb83747702c5ca92f55d8fdaf99be9432d0142571c6d437fbaadb?s=96&d=mm&r=g\",\"caption\":\"litci\"},\"sameAs\":[\"http:\/\/litci.org\/en\"],\"url\":\"https:\/\/litci.org\/en\/author\/litci\/\"}]}<\/script>\n<!-- \/ Yoast SEO plugin. -->","yoast_head_json":{"title":"Protests in Hungary Increase - International Worker&#039;s League","robots":{"index":"index","follow":"follow","max-snippet":"max-snippet:-1","max-image-preview":"max-image-preview:large","max-video-preview":"max-video-preview:-1"},"canonical":"https:\/\/litci.org\/en\/protests-in-hungary-increase\/","og_locale":"en_US","og_type":"article","og_title":"Protests in Hungary Increase - International Worker&#039;s League","og_description":"There is a social uprising in Hungary. Despite the weather under zero, between 15 and 20 thousand people marched last Sunday in the capital, Budapest, to reject a perverse labor reform pushed by the far right government of Viktor Orb\u00e1n, a tyrant that controls power with iron hands since 2010.","og_url":"https:\/\/litci.org\/en\/protests-in-hungary-increase\/","og_site_name":"International Worker&#039;s League","article_published_time":"2018-12-20T15:24:24+00:00","og_image":[{"width":830,"height":511,"url":"https:\/\/i0.wp.com\/litci.org\/en\/wp-content\/uploads\/2018\/12\/luces-en-protesta-en-hungria.jpg?fit=830%2C511&ssl=1","type":"image\/jpeg"}],"author":"litci","twitter_card":"summary_large_image","twitter_misc":{"Written by":"litci","Est. reading time":"4 minutes"},"schema":{"@context":"https:\/\/schema.org","@graph":[{"@type":"Article","@id":"https:\/\/litci.org\/en\/protests-in-hungary-increase\/#article","isPartOf":{"@id":"https:\/\/litci.org\/en\/protests-in-hungary-increase\/"},"author":{"name":"litci","@id":"https:\/\/litci.org\/en\/#\/schema\/person\/3270456e79331cc584ec99dbb4d52fe3"},"headline":"Protests in Hungary Increase","datePublished":"2018-12-20T15:24:24+00:00","mainEntityOfPage":{"@id":"https:\/\/litci.org\/en\/protests-in-hungary-increase\/"},"wordCount":723,"commentCount":0,"publisher":{"@id":"https:\/\/litci.org\/en\/#organization"},"image":{"@id":"https:\/\/litci.org\/en\/protests-in-hungary-increase\/#primaryimage"},"thumbnailUrl":"https:\/\/i0.wp.com\/litci.org\/en\/wp-content\/uploads\/2018\/12\/luces-en-protesta-en-hungria.jpg?fit=830%2C511&ssl=1","keywords":["Hungary","Orban","slavery bill"],"articleSection":["Hungary"],"inLanguage":"en-US","potentialAction":[{"@type":"CommentAction","name":"Comment","target":["https:\/\/litci.org\/en\/protests-in-hungary-increase\/#respond"]}]},{"@type":"WebPage","@id":"https:\/\/litci.org\/en\/protests-in-hungary-increase\/","url":"https:\/\/litci.org\/en\/protests-in-hungary-increase\/","name":"Protests in Hungary Increase - International Worker&#039;s League","isPartOf":{"@id":"https:\/\/litci.org\/en\/#website"},"primaryImageOfPage":{"@id":"https:\/\/litci.org\/en\/protests-in-hungary-increase\/#primaryimage"},"image":{"@id":"https:\/\/litci.org\/en\/protests-in-hungary-increase\/#primaryimage"},"thumbnailUrl":"https:\/\/i0.wp.com\/litci.org\/en\/wp-content\/uploads\/2018\/12\/luces-en-protesta-en-hungria.jpg?fit=830%2C511&ssl=1","datePublished":"2018-12-20T15:24:24+00:00","breadcrumb":{"@id":"https:\/\/litci.org\/en\/protests-in-hungary-increase\/#breadcrumb"},"inLanguage":"en-US","potentialAction":[{"@type":"ReadAction","target":["https:\/\/litci.org\/en\/protests-in-hungary-increase\/"]}]},{"@type":"ImageObject","inLanguage":"en-US","@id":"https:\/\/litci.org\/en\/protests-in-hungary-increase\/#primaryimage","url":"https:\/\/i0.wp.com\/litci.org\/en\/wp-content\/uploads\/2018\/12\/luces-en-protesta-en-hungria.jpg?fit=830%2C511&ssl=1","contentUrl":"https:\/\/i0.wp.com\/litci.org\/en\/wp-content\/uploads\/2018\/12\/luces-en-protesta-en-hungria.jpg?fit=830%2C511&ssl=1","width":830,"height":511},{"@type":"BreadcrumbList","@id":"https:\/\/litci.org\/en\/protests-in-hungary-increase\/#breadcrumb","itemListElement":[{"@type":"ListItem","position":1,"name":"Home","item":"https:\/\/litci.org\/en\/"},{"@type":"ListItem","position":2,"name":"Protests in Hungary Increase"}]},{"@type":"WebSite","@id":"https:\/\/litci.org\/en\/#website","url":"https:\/\/litci.org\/en\/","name":"International Worker&#039;s League","description":"","publisher":{"@id":"https:\/\/litci.org\/en\/#organization"},"potentialAction":[{"@type":"SearchAction","target":{"@type":"EntryPoint","urlTemplate":"https:\/\/litci.org\/en\/?s={search_term_string}"},"query-input":{"@type":"PropertyValueSpecification","valueRequired":true,"valueName":"search_term_string"}}],"inLanguage":"en-US"},{"@type":"Organization","@id":"https:\/\/litci.org\/en\/#organization","name":"International Worker&#039;s League","url":"https:\/\/litci.org\/en\/","logo":{"@type":"ImageObject","inLanguage":"en-US","@id":"https:\/\/litci.org\/en\/#\/schema\/logo\/image\/","url":"https:\/\/i0.wp.com\/litci.org\/en\/wp-content\/uploads\/2023\/02\/logo-english-1.png?fit=1307%2C712&ssl=1","contentUrl":"https:\/\/i0.wp.com\/litci.org\/en\/wp-content\/uploads\/2023\/02\/logo-english-1.png?fit=1307%2C712&ssl=1","width":1307,"height":712,"caption":"International Worker&#039;s League"},"image":{"@id":"https:\/\/litci.org\/en\/#\/schema\/logo\/image\/"}},{"@type":"Person","@id":"https:\/\/litci.org\/en\/#\/schema\/person\/3270456e79331cc584ec99dbb4d52fe3","name":"litci","image":{"@type":"ImageObject","inLanguage":"en-US","@id":"https:\/\/litci.org\/en\/#\/schema\/person\/image\/","url":"https:\/\/secure.gravatar.com\/avatar\/c5ccde5393ccb83747702c5ca92f55d8fdaf99be9432d0142571c6d437fbaadb?s=96&d=mm&r=g","contentUrl":"https:\/\/secure.gravatar.com\/avatar\/c5ccde5393ccb83747702c5ca92f55d8fdaf99be9432d0142571c6d437fbaadb?s=96&d=mm&r=g","caption":"litci"},"sameAs":["http:\/\/litci.org\/en"],"url":"https:\/\/litci.org\/en\/author\/litci\/"}]}},"jetpack_featured_media_url":"https:\/\/i0.wp.com\/litci.org\/en\/wp-content\/uploads\/2018\/12\/luces-en-protesta-en-hungria.jpg?fit=830%2C511&ssl=1","fimg_url":"https:\/\/i0.wp.com\/litci.org\/en\/wp-content\/uploads\/2018\/12\/luces-en-protesta-en-hungria.jpg?fit=830%2C511&ssl=1","categories_names":["Hungary"],"author_info":{"name":"litci","pic":"https:\/\/secure.gravatar.com\/avatar\/c5ccde5393ccb83747702c5ca92f55d8fdaf99be9432d0142571c6d437fbaadb?s=96&d=mm&r=g"},"political_author":null,"tagline":"","jetpack_sharing_enabled":true,"_links":{"self":[{"href":"https:\/\/litci.org\/en\/wp-json\/wp\/v2\/posts\/11128","targetHints":{"allow":["GET"]}}],"collection":[{"href":"https:\/\/litci.org\/en\/wp-json\/wp\/v2\/posts"}],"about":[{"href":"https:\/\/litci.org\/en\/wp-json\/wp\/v2\/types\/post"}],"author":[{"embeddable":true,"href":"https:\/\/litci.org\/en\/wp-json\/wp\/v2\/users\/1"}],"replies":[{"embeddable":true,"href":"https:\/\/litci.org\/en\/wp-json\/wp\/v2\/comments?post=11128"}],"version-history":[{"count":0,"href":"https:\/\/litci.org\/en\/wp-json\/wp\/v2\/posts\/11128\/revisions"}],"wp:featuredmedia":[{"embeddable":true,"href":"https:\/\/litci.org\/en\/wp-json\/wp\/v2\/media\/11129"}],"wp:attachment":[{"href":"https:\/\/litci.org\/en\/wp-json\/wp\/v2\/media?parent=11128"}],"wp:term":[{"taxonomy":"category","embeddable":true,"href":"https:\/\/litci.org\/en\/wp-json\/wp\/v2\/categories?post=11128"},{"taxonomy":"post_tag","embeddable":true,"href":"https:\/\/litci.org\/en\/wp-json\/wp\/v2\/tags?post=11128"}],"curies":[{"name":"wp","href":"https:\/\/api.w.org\/{rel}","templated":true}]}}